{"id":2272,"date":"2017-03-29T08:19:42","date_gmt":"2017-03-29T08:19:42","guid":{"rendered":"http:\/\/sindicatos.cgtp.pt\/uniao-evora\/?p=2272"},"modified":"2017-04-02T20:10:51","modified_gmt":"2017-04-02T20:10:51","slug":"jovens-trabalhadores-de-evora-participaram-na-sua-manifestacao","status":"publish","type":"post","link":"https:\/\/sindicatos.cgtp.pt\/uniao-evora\/2017\/03\/29\/jovens-trabalhadores-de-evora-participaram-na-sua-manifestacao\/","title":{"rendered":"Jovens trabalhadores de \u00c9vora participaram na sua manifesta\u00e7\u00e3o"},"content":{"rendered":"<p><a href=\"https:\/\/sindicatos.cgtp.pt\/uniao-evora\/2017\/03\/29\/jovens-trabalhadores-de-evora-participaram-na-sua-manifestacao\/juventude\/\" rel=\"attachment wp-att-2273\"><img loading=\"lazy\" decoding=\"async\" class=\"alignleft  wp-image-2273\" alt=\"juventude\" src=\"https:\/\/sindicatos.cgtp.pt\/uniao-evora\/wp-content\/blogs.dir\/44\/files\/sites\/44\/2017\/03\/juventude.jpg\" width=\"330\" height=\"251\" srcset=\"https:\/\/sindicatos.cgtp.pt\/uniao-evora\/wp-content\/blogs.dir\/44\/files\/sites\/44\/2017\/03\/juventude.jpg 550w, https:\/\/sindicatos.cgtp.pt\/uniao-evora\/wp-content\/blogs.dir\/44\/files\/sites\/44\/2017\/03\/juventude-240x182.jpg 240w\" sizes=\"auto, (max-width: 330px) 100vw, 330px\" \/><\/a>Do distrito de \u00c9vora foram dezenas de jovens trabalhadores e que se juntaram aos milhares de jovens trabalhadores que se manifestaram nas ruas de Lisboa contra os v\u00ednculos prec\u00e1rios e os baixos sal\u00e1rios.<!--more--><\/p>\n<p>A Manifesta\u00e7\u00e3o Nacional da Juventude Trabalhadora convocada pela Interjovem da CGTP-IN com o lema &#8220;O tempo \u00e9 hoje! Vencer a precariedade, defender os nossos direitos&#8221; realizou-se na mesma data em que se assinala o Dia Nacional da Juventude, 28 de Mar\u00e7o de 2017. Partindo da Pra\u00e7a da Figueira em direc\u00e7\u00e3o \u00e0 Assembleia da Rep\u00fablica foram muitos os jovens que empunhando bandeiras da Interjovem\/CGTP-IN gritaram palavras de ordem como &#8220;O trabalho \u00e9 um direito, sem ele nada feito!&#8221; ou &#8220;A luta continua, nas empresas e na rua!&#8221; &#8211; foram tamb\u00e9m muitos os trabalhadores de centros de atendimento (call centers) que participaram neste protesto fazendo greve e foram milhares os que chegaram en\u00e9rgicos \u00e0 Assembleia para ouvir as interven\u00e7\u00f5es de Jo\u00e3o Barreiros, coordenador da Interjovem da CGTP-IN e Arm\u00e9nio Carlos, secret\u00e1rio-geral da CGTP-IN.<\/p>\n","protected":false},"excerpt":{"rendered":"<p>Do distrito de \u00c9vora foram dezenas de jovens trabalhadores e que se juntaram aos milhares de jovens trabalhadores que se manifestaram nas ruas de Lisboa contra os v\u00ednculos prec\u00e1rios e os baixos sal\u00e1rios.<\/p>\n","protected":false},"author":41,"featured_media":0,"comment_status":"closed","ping_status":"open","sticky":false,"template":"","format":"standard","meta":{"footnotes":""},"categories":[4,1],"tags":[],"class_list":["post-2272","post","type-post","status-publish","format-standard","hentry","category-accao-sindical","category-noticias"],"_links":{"self":[{"href":"https:\/\/sindicatos.cgtp.pt\/uniao-evora\/wp-json\/wp\/v2\/posts\/2272","targetHints":{"allow":["GET"]}}],"collection":[{"href":"https:\/\/sindicatos.cgtp.pt\/uniao-evora\/wp-json\/wp\/v2\/posts"}],"about":[{"href":"https:\/\/sindicatos.cgtp.pt\/uniao-evora\/wp-json\/wp\/v2\/types\/post"}],"author":[{"embeddable":true,"href":"https:\/\/sindicatos.cgtp.pt\/uniao-evora\/wp-json\/wp\/v2\/users\/41"}],"replies":[{"embeddable":true,"href":"https:\/\/sindicatos.cgtp.pt\/uniao-evora\/wp-json\/wp\/v2\/comments?post=2272"}],"version-history":[{"count":3,"href":"https:\/\/sindicatos.cgtp.pt\/uniao-evora\/wp-json\/wp\/v2\/posts\/2272\/revisions"}],"predecessor-version":[{"id":2283,"href":"https:\/\/sindicatos.cgtp.pt\/uniao-evora\/wp-json\/wp\/v2\/posts\/2272\/revisions\/2283"}],"wp:attachment":[{"href":"https:\/\/sindicatos.cgtp.pt\/uniao-evora\/wp-json\/wp\/v2\/media?parent=2272"}],"wp:term":[{"taxonomy":"category","embeddable":true,"href":"https:\/\/sindicatos.cgtp.pt\/uniao-evora\/wp-json\/wp\/v2\/categories?post=2272"},{"taxonomy":"post_tag","embeddable":true,"href":"https:\/\/sindicatos.cgtp.pt\/uniao-evora\/wp-json\/wp\/v2\/tags?post=2272"}],"curies":[{"name":"wp","href":"https:\/\/api.w.org\/{rel}","templated":true}]}}