{"id":2364,"date":"2017-05-18T22:05:18","date_gmt":"2017-05-18T22:05:18","guid":{"rendered":"http:\/\/sindicatos.cgtp.pt\/uniao-evora\/?p=2364"},"modified":"2017-05-25T20:59:55","modified_gmt":"2017-05-25T20:59:55","slug":"sg-da-cgtp-in-participa-em-plenario-no-distrito-de-evora","status":"publish","type":"post","link":"https:\/\/sindicatos.cgtp.pt\/uniao-evora\/2017\/05\/18\/sg-da-cgtp-in-participa-em-plenario-no-distrito-de-evora\/","title":{"rendered":"SG da CGTP-IN participa em plen\u00e1rio no distrito de \u00c9vora"},"content":{"rendered":"<p>&nbsp;<\/p>\n<p><a style=\"font-size: 13px;line-height: 19.5px;text-decoration: none\" href=\"https:\/\/sindicatos.cgtp.pt\/uniao-evora\/2017\/05\/18\/sg-da-cgtp-in-participa-em-plenario-no-distrito-de-evora\/18-05\/\" rel=\"attachment wp-att-2365\"><img loading=\"lazy\" decoding=\"async\" class=\"alignleft  wp-image-2365\" alt=\"18-05\" src=\"https:\/\/sindicatos.cgtp.pt\/uniao-evora\/wp-content\/blogs.dir\/44\/files\/sites\/44\/2017\/05\/18-05-800x600.jpg\" width=\"288\" height=\"216\" srcset=\"https:\/\/sindicatos.cgtp.pt\/uniao-evora\/wp-content\/blogs.dir\/44\/files\/sites\/44\/2017\/05\/18-05-800x600.jpg 800w, https:\/\/sindicatos.cgtp.pt\/uniao-evora\/wp-content\/blogs.dir\/44\/files\/sites\/44\/2017\/05\/18-05-240x180.jpg 240w, https:\/\/sindicatos.cgtp.pt\/uniao-evora\/wp-content\/blogs.dir\/44\/files\/sites\/44\/2017\/05\/18-05-160x120.jpg 160w, https:\/\/sindicatos.cgtp.pt\/uniao-evora\/wp-content\/blogs.dir\/44\/files\/sites\/44\/2017\/05\/18-05.jpg 1332w\" sizes=\"auto, (max-width: 288px) 100vw, 288px\" \/><\/a><\/p>\n<p>O STAL deu in\u00edcio ao esclarecimento e \u00e0 mobiliza\u00e7\u00e3o para o Dia Nacional de Luta, em Unidade Valorizar o Trabalho e os Trabalhadores, convocado pela CGTP-IN, para o dia 03 de Junho, com concentra\u00e7\u00f5es\/manifesta\u00e7\u00f5es em Lisboa e Porto, tendo a de Lisboa inicio \u00e0s 15 horas, no Marqu\u00eas de Pombal, com a realiza\u00e7\u00e3o de um plen\u00e1rio geral de trabalhadores onde participou Arm\u00e9nio Carlos, Secret\u00e1rio-geral da CGTP-IN, no Sal\u00e3o Nobre do Edif\u00edcio dos Pa\u00e7os do Concelho, em Montemor-o-Novo.<!--more--><\/p>\n<p>A Dire\u00e7\u00e3o Regional do STAL, aprovou na sua reuni\u00e3o, um plano de trabalho de esclarecimento e mobiliza\u00e7\u00e3o que abrange todos os munic\u00edpios e exorta todos os trabalhadores das autarquias a participarem na referida a\u00e7\u00e3o de luta, porque foi com a luta que recuperamos os hor\u00e1rios de trabalho de 35 horas de trabalho semanais, os 4 feriados roubados, eliminados os cortes salariais, o SMN foi aumentado e h\u00e1-de ser com a luta que acabaremos com a precariedade na Administra\u00e7\u00e3o Local, for\u00e7aremos o descongelamento das progress\u00f5es e conquistaremos os suplementos de insalubridade, penosidade e risco.<\/p>\n<p>Fonte: <a href=\"http:\/\/drstalevora.blogspot.pt\/\">DIREC\u00c7\u00c3O REGIONAL \u00c9VORA\u00a0STAL<\/a><\/p>\n","protected":false},"excerpt":{"rendered":"<p>&nbsp; O STAL deu in\u00edcio ao esclarecimento e \u00e0 mobiliza\u00e7\u00e3o para o Dia Nacional de Luta, em Unidade Valorizar o Trabalho e os Trabalhadores, convocado pela CGTP-IN, para o dia 03 de Junho, com concentra\u00e7\u00f5es\/manifesta\u00e7\u00f5es em Lisboa e Porto, tendo a de Lisboa inicio \u00e0s<\/p>\n","protected":false},"author":41,"featured_media":0,"comment_status":"closed","ping_status":"open","sticky":false,"template":"","format":"standard","meta":{"footnotes":""},"categories":[4,1],"tags":[],"class_list":["post-2364","post","type-post","status-publish","format-standard","hentry","category-accao-sindical","category-noticias"],"_links":{"self":[{"href":"https:\/\/sindicatos.cgtp.pt\/uniao-evora\/wp-json\/wp\/v2\/posts\/2364","targetHints":{"allow":["GET"]}}],"collection":[{"href":"https:\/\/sindicatos.cgtp.pt\/uniao-evora\/wp-json\/wp\/v2\/posts"}],"about":[{"href":"https:\/\/sindicatos.cgtp.pt\/uniao-evora\/wp-json\/wp\/v2\/types\/post"}],"author":[{"embeddable":true,"href":"https:\/\/sindicatos.cgtp.pt\/uniao-evora\/wp-json\/wp\/v2\/users\/41"}],"replies":[{"embeddable":true,"href":"https:\/\/sindicatos.cgtp.pt\/uniao-evora\/wp-json\/wp\/v2\/comments?post=2364"}],"version-history":[{"count":3,"href":"https:\/\/sindicatos.cgtp.pt\/uniao-evora\/wp-json\/wp\/v2\/posts\/2364\/revisions"}],"predecessor-version":[{"id":2386,"href":"https:\/\/sindicatos.cgtp.pt\/uniao-evora\/wp-json\/wp\/v2\/posts\/2364\/revisions\/2386"}],"wp:attachment":[{"href":"https:\/\/sindicatos.cgtp.pt\/uniao-evora\/wp-json\/wp\/v2\/media?parent=2364"}],"wp:term":[{"taxonomy":"category","embeddable":true,"href":"https:\/\/sindicatos.cgtp.pt\/uniao-evora\/wp-json\/wp\/v2\/categories?post=2364"},{"taxonomy":"post_tag","embeddable":true,"href":"https:\/\/sindicatos.cgtp.pt\/uniao-evora\/wp-json\/wp\/v2\/tags?post=2364"}],"curies":[{"name":"wp","href":"https:\/\/api.w.org\/{rel}","templated":true}]}}