{"id":2379,"date":"2017-05-25T20:51:25","date_gmt":"2017-05-25T20:51:25","guid":{"rendered":"http:\/\/sindicatos.cgtp.pt\/uniao-evora\/?p=2379"},"modified":"2017-05-31T12:19:36","modified_gmt":"2017-05-31T12:19:36","slug":"reformados-vao-prosseguir-e-intensificar-a-luta","status":"publish","type":"post","link":"https:\/\/sindicatos.cgtp.pt\/uniao-evora\/2017\/05\/25\/reformados-vao-prosseguir-e-intensificar-a-luta\/","title":{"rendered":"INTER-REFORMADOS \u00c9VORA realiza iniciativa em Mora"},"content":{"rendered":"<p><a href=\"https:\/\/sindicatos.cgtp.pt\/uniao-evora\/2017\/05\/25\/reformados-vao-prosseguir-e-intensificar-a-luta\/ir\/\" rel=\"attachment wp-att-2380\"><img loading=\"lazy\" decoding=\"async\" class=\"alignleft size-medium wp-image-2380\" alt=\"IR\" src=\"https:\/\/sindicatos.cgtp.pt\/uniao-evora\/wp-content\/blogs.dir\/44\/files\/sites\/44\/2017\/05\/IR-240x160.jpg\" width=\"240\" height=\"160\" srcset=\"https:\/\/sindicatos.cgtp.pt\/uniao-evora\/wp-content\/blogs.dir\/44\/files\/sites\/44\/2017\/05\/IR-240x160.jpg 240w, https:\/\/sindicatos.cgtp.pt\/uniao-evora\/wp-content\/blogs.dir\/44\/files\/sites\/44\/2017\/05\/IR-800x533.jpg 800w, https:\/\/sindicatos.cgtp.pt\/uniao-evora\/wp-content\/blogs.dir\/44\/files\/sites\/44\/2017\/05\/IR-120x80.jpg 120w, https:\/\/sindicatos.cgtp.pt\/uniao-evora\/wp-content\/blogs.dir\/44\/files\/sites\/44\/2017\/05\/IR.jpg 993w\" sizes=\"auto, (max-width: 240px) 100vw, 240px\" \/><\/a>A INTER-REFORMADOS\/USDE realizaram hoje dia 25 de Maio um conv\u00edvio\/debate, onde participaram cerca de tr\u00eas dezenas de reformados e pensionistas.<\/p>\n<p>Esta iniciativa realizou-se em Mora e contou um momento cultural numa visita ao museu do megal\u00edtico, ao fluvi\u00e1rio, almo\u00e7o conv\u00edvio no parque de merendas do a\u00e7ude do Gameiro e um debate no audit\u00f3rio do fluvi\u00e1rio de Mora.<!--more--><\/p>\n<p>Foi um dia em que os reformados e pensionista conviveram, partilharam experi\u00eancias de vidas, tomaram conhecimento da realiza\u00e7\u00e3o da 9\u00ba Confer\u00eancia Sindical da USDE, bem como projectaram as sua reivindica\u00e7\u00e3o num momento em que \u00e9 urgente:<\/p>\n<p>&#8211; o aumento real das pens\u00f5es, o refor\u00e7o da seguran\u00e7a Social,<\/p>\n<p>&#8211; a reposi\u00e7\u00e3o da idade legal para acesso \u00e0 reforma aos 65 anos e, a possibilidade de antecipar a reforma para todos os que t\u00eam 40 anos de descontos, independentemente da idade e sem penaliza\u00e7\u00e3o.<\/p>\n<p>&#8211; o fim das taxas moderadoras na sa\u00fade e servi\u00e7os p\u00fablicos de qualidade.<\/p>\n<p>\u00c9 tempo de dar dignidade aos reformados e aposentados do nosso pa\u00eds.<\/p>\n<p>Consciente da necessidade de prosseguir e intensificar a luta no final da iniciativa apelou-se \u00e0 participa\u00e7\u00e3o dos reformados e pensionistas na ac\u00e7\u00e3o de luta convergente, marcada pela CGTP-IN para 3 de Junho em Lisboa, onde a USDE disponibiliza transportes para todos os que queiram participar.<\/p>\n","protected":false},"excerpt":{"rendered":"<p>A INTER-REFORMADOS\/USDE realizaram hoje dia 25 de Maio um conv\u00edvio\/debate, onde participaram cerca de tr\u00eas dezenas de reformados e pensionistas. Esta iniciativa realizou-se em Mora e contou um momento cultural numa visita ao museu do megal\u00edtico, ao fluvi\u00e1rio, almo\u00e7o conv\u00edvio no parque de merendas do<\/p>\n","protected":false},"author":41,"featured_media":0,"comment_status":"closed","ping_status":"open","sticky":false,"template":"","format":"standard","meta":{"footnotes":""},"categories":[4,1],"tags":[],"class_list":["post-2379","post","type-post","status-publish","format-standard","hentry","category-accao-sindical","category-noticias"],"_links":{"self":[{"href":"https:\/\/sindicatos.cgtp.pt\/uniao-evora\/wp-json\/wp\/v2\/posts\/2379","targetHints":{"allow":["GET"]}}],"collection":[{"href":"https:\/\/sindicatos.cgtp.pt\/uniao-evora\/wp-json\/wp\/v2\/posts"}],"about":[{"href":"https:\/\/sindicatos.cgtp.pt\/uniao-evora\/wp-json\/wp\/v2\/types\/post"}],"author":[{"embeddable":true,"href":"https:\/\/sindicatos.cgtp.pt\/uniao-evora\/wp-json\/wp\/v2\/users\/41"}],"replies":[{"embeddable":true,"href":"https:\/\/sindicatos.cgtp.pt\/uniao-evora\/wp-json\/wp\/v2\/comments?post=2379"}],"version-history":[{"count":5,"href":"https:\/\/sindicatos.cgtp.pt\/uniao-evora\/wp-json\/wp\/v2\/posts\/2379\/revisions"}],"predecessor-version":[{"id":2390,"href":"https:\/\/sindicatos.cgtp.pt\/uniao-evora\/wp-json\/wp\/v2\/posts\/2379\/revisions\/2390"}],"wp:attachment":[{"href":"https:\/\/sindicatos.cgtp.pt\/uniao-evora\/wp-json\/wp\/v2\/media?parent=2379"}],"wp:term":[{"taxonomy":"category","embeddable":true,"href":"https:\/\/sindicatos.cgtp.pt\/uniao-evora\/wp-json\/wp\/v2\/categories?post=2379"},{"taxonomy":"post_tag","embeddable":true,"href":"https:\/\/sindicatos.cgtp.pt\/uniao-evora\/wp-json\/wp\/v2\/tags?post=2379"}],"curies":[{"name":"wp","href":"https:\/\/api.w.org\/{rel}","templated":true}]}}