{"id":2454,"date":"2017-08-11T09:27:55","date_gmt":"2017-08-11T09:27:55","guid":{"rendered":"http:\/\/sindicatos.cgtp.pt\/uniao-evora\/?p=2454"},"modified":"2017-09-12T21:01:46","modified_gmt":"2017-09-12T21:01:46","slug":"fabrica-de-pranchas-de-surf-com-salarios-em-atraso","status":"publish","type":"post","link":"https:\/\/sindicatos.cgtp.pt\/uniao-evora\/2017\/08\/11\/fabrica-de-pranchas-de-surf-com-salarios-em-atraso\/","title":{"rendered":"F\u00e1brica de pranchas de surf com sal\u00e1rios em atraso"},"content":{"rendered":"<p>Em Vendas Novas a SHAP2SEA &#8211; Shapers Factory Board And Blank Manufactures, f\u00e1brica de pranchas de surf instalada no parque industrial, mant\u00e9m uma pol\u00edtica de pagamento de sal\u00e1rios em desrespeito pelos trabalhadores.<!--more--><\/p>\n<p>A empresa n\u00e3o efectua o pagamento dos sal\u00e1rios nos prazos definidos por lei, fazendo-o em dias incertos, sem qualquer crit\u00e9rio ou preocupa\u00e7\u00e3o com os encargos dos seus trabalhadores. Na maioria dos meses os sal\u00e1rios s\u00e3o pago depois do dia 10, sem que haja sequer uma justifica\u00e7\u00e3o ou palavra a quem trabalha.<\/p>\n<p>Esta \u00e9 uma situa\u00e7\u00e3o que permanece desde h\u00e1 muito, estando agora agravada tamb\u00e9m pela falta de pagamento do subs\u00eddio de f\u00e9rias.<\/p>\n<p>Os trabalhadores com o apoio do seu sindicato reclamam o pagamento dos sal\u00e1rios e subs\u00eddios a que t\u00eam direito, nos momentos definidos pela lei.<\/p>\n<p>Pelo trabalho com direitos!<img decoding=\"async\" class=\"alignleft\" style=\"font-size: 12pt\" alt=\"\" src=\"\/Users\/UTILIZ~1\/AppData\/Local\/Temp\/msohtml1\/01\/clip_image002.jpg\" \/><\/p>\n<p><a href=\"http:\/\/www.sitesul.pt\/\">Fonte: SITE-SUL<\/a><\/p>\n","protected":false},"excerpt":{"rendered":"<p>Em Vendas Novas a SHAP2SEA &#8211; Shapers Factory Board And Blank Manufactures, f\u00e1brica de pranchas de surf instalada no parque industrial, mant\u00e9m uma pol\u00edtica de pagamento de sal\u00e1rios em desrespeito pelos trabalhadores.<\/p>\n","protected":false},"author":41,"featured_media":0,"comment_status":"closed","ping_status":"open","sticky":false,"template":"","format":"standard","meta":{"footnotes":""},"categories":[4,1],"tags":[],"class_list":["post-2454","post","type-post","status-publish","format-standard","hentry","category-accao-sindical","category-noticias"],"_links":{"self":[{"href":"https:\/\/sindicatos.cgtp.pt\/uniao-evora\/wp-json\/wp\/v2\/posts\/2454","targetHints":{"allow":["GET"]}}],"collection":[{"href":"https:\/\/sindicatos.cgtp.pt\/uniao-evora\/wp-json\/wp\/v2\/posts"}],"about":[{"href":"https:\/\/sindicatos.cgtp.pt\/uniao-evora\/wp-json\/wp\/v2\/types\/post"}],"author":[{"embeddable":true,"href":"https:\/\/sindicatos.cgtp.pt\/uniao-evora\/wp-json\/wp\/v2\/users\/41"}],"replies":[{"embeddable":true,"href":"https:\/\/sindicatos.cgtp.pt\/uniao-evora\/wp-json\/wp\/v2\/comments?post=2454"}],"version-history":[{"count":4,"href":"https:\/\/sindicatos.cgtp.pt\/uniao-evora\/wp-json\/wp\/v2\/posts\/2454\/revisions"}],"predecessor-version":[{"id":2490,"href":"https:\/\/sindicatos.cgtp.pt\/uniao-evora\/wp-json\/wp\/v2\/posts\/2454\/revisions\/2490"}],"wp:attachment":[{"href":"https:\/\/sindicatos.cgtp.pt\/uniao-evora\/wp-json\/wp\/v2\/media?parent=2454"}],"wp:term":[{"taxonomy":"category","embeddable":true,"href":"https:\/\/sindicatos.cgtp.pt\/uniao-evora\/wp-json\/wp\/v2\/categories?post=2454"},{"taxonomy":"post_tag","embeddable":true,"href":"https:\/\/sindicatos.cgtp.pt\/uniao-evora\/wp-json\/wp\/v2\/tags?post=2454"}],"curies":[{"name":"wp","href":"https:\/\/api.w.org\/{rel}","templated":true}]}}