{"id":2513,"date":"2017-10-12T16:10:14","date_gmt":"2017-10-12T16:10:14","guid":{"rendered":"http:\/\/sindicatos.cgtp.pt\/uniao-evora\/?p=2513"},"modified":"2017-10-26T22:06:26","modified_gmt":"2017-10-26T22:06:26","slug":"solubema-impede-uso-das-instalacoes-para-realizacao-de-plenario-de-trabalhadores","status":"publish","type":"post","link":"https:\/\/sindicatos.cgtp.pt\/uniao-evora\/2017\/10\/12\/solubema-impede-uso-das-instalacoes-para-realizacao-de-plenario-de-trabalhadores\/","title":{"rendered":"SOLUBEMA IMPEDE USO DAS INSTALA\u00c7\u00d5ES PARA REALIZA\u00c7\u00c3O DE PLEN\u00c1RIO DE TRABALHADORES"},"content":{"rendered":"<p><a href=\"https:\/\/sindicatos.cgtp.pt\/uniao-evora\/2017\/10\/12\/solubema-impede-uso-das-instalacoes-para-realizacao-de-plenario-de-trabalhadores\/20171011_090944\/\" rel=\"attachment wp-att-2514\"><img loading=\"lazy\" decoding=\"async\" class=\"alignleft size-thumbnail wp-image-2514\" alt=\"PLEN\u00c1RIO SULBEMA\" src=\"https:\/\/sindicatos.cgtp.pt\/uniao-evora\/wp-content\/blogs.dir\/44\/files\/sites\/44\/2017\/10\/20171011_090944-120x120.jpg\" width=\"120\" height=\"120\" \/><\/a>Os trabalhadores da SOLUBEMA (empresa de m\u00e1rmores) em Vila Vi\u00e7osa, foram confrontados, no dia 11 Outubro e na hora em que deveria ter inicio, com a recusa por parte da empresa no acesso \u00e0s instala\u00e7\u00f5es solicitadas (Refeit\u00f3rio da Oficina) pela Comiss\u00e3o Sindical para a realiza\u00e7\u00e3o de plen\u00e1rio, legalmente convocado e comunicado, tendo em vista a discuss\u00e3o dos seus problemas e proposta reivindicativa para 2018.<!--more--><\/p>\n<p><b>Esta situa\u00e7\u00e3o, \u00e9 in\u00e9dita nesta empresa!\u00a0<\/b><b>Representa uma viola\u00e7\u00e3o do direito de reuni\u00e3o dos trabalhadores!<\/b><\/p>\n<p>N\u00e3o cedendo \u00e0s inten\u00e7\u00f5es patronais para a realiza\u00e7\u00e3o do respetivo plen\u00e1rio debaixo de um alpendre ou na oficina, por raz\u00f5es de seguran\u00e7a, os trabalhadores n\u00e3o se deixaram intimidar e realizaram o seu plen\u00e1rio junto \u00e0s instala\u00e7\u00f5es administrativas, e exigiram que o Sindicato denuncie tal situa\u00e7\u00e3o, bem como apresente queixa junto da Autoridade para as Condi\u00e7\u00f5es de Trabalho.<\/p>\n<p><b>Os trabalhadores aprovaram a proposta de aumentos salariais para 2018 e de reposi\u00e7\u00e3o de direitos <\/b>e iniciaram a recolha de assinaturas para duas peti\u00e7\u00f5es Nacionais:<b> <\/b>Uma sectorial para que lhes seja atribu\u00eddo <b>\u201cESTATUTO DE PROFISS\u00c3O DE RISCO E DE DESGASTE R\u00c1PIDO &#8211; pela antecipa\u00e7\u00e3o da idade legal de reforma, sem perda de direitos ou penaliza\u00e7\u00f5es\u201d, <\/b>promovida pela FEVICCOM, e<b> <\/b>outra <b>\u201cCONTRA A PRECARIEDADE, PELO EMPREGO COM DIREITOS &#8211; para um posto de trabalho permanente, um v\u00ednculo efetivo!\u201d, <\/b>lan\u00e7ada de v\u00e9spera pela CGTP-IN.<\/p>\n","protected":false},"excerpt":{"rendered":"<p>Os trabalhadores da SOLUBEMA (empresa de m\u00e1rmores) em Vila Vi\u00e7osa, foram confrontados, no dia 11 Outubro e na hora em que deveria ter inicio, com a recusa por parte da empresa no acesso \u00e0s instala\u00e7\u00f5es solicitadas (Refeit\u00f3rio da Oficina) pela Comiss\u00e3o Sindical para a realiza\u00e7\u00e3o<\/p>\n","protected":false},"author":41,"featured_media":0,"comment_status":"closed","ping_status":"open","sticky":false,"template":"","format":"standard","meta":{"footnotes":""},"categories":[4,1],"tags":[],"class_list":["post-2513","post","type-post","status-publish","format-standard","hentry","category-accao-sindical","category-noticias"],"_links":{"self":[{"href":"https:\/\/sindicatos.cgtp.pt\/uniao-evora\/wp-json\/wp\/v2\/posts\/2513","targetHints":{"allow":["GET"]}}],"collection":[{"href":"https:\/\/sindicatos.cgtp.pt\/uniao-evora\/wp-json\/wp\/v2\/posts"}],"about":[{"href":"https:\/\/sindicatos.cgtp.pt\/uniao-evora\/wp-json\/wp\/v2\/types\/post"}],"author":[{"embeddable":true,"href":"https:\/\/sindicatos.cgtp.pt\/uniao-evora\/wp-json\/wp\/v2\/users\/41"}],"replies":[{"embeddable":true,"href":"https:\/\/sindicatos.cgtp.pt\/uniao-evora\/wp-json\/wp\/v2\/comments?post=2513"}],"version-history":[{"count":3,"href":"https:\/\/sindicatos.cgtp.pt\/uniao-evora\/wp-json\/wp\/v2\/posts\/2513\/revisions"}],"predecessor-version":[{"id":2528,"href":"https:\/\/sindicatos.cgtp.pt\/uniao-evora\/wp-json\/wp\/v2\/posts\/2513\/revisions\/2528"}],"wp:attachment":[{"href":"https:\/\/sindicatos.cgtp.pt\/uniao-evora\/wp-json\/wp\/v2\/media?parent=2513"}],"wp:term":[{"taxonomy":"category","embeddable":true,"href":"https:\/\/sindicatos.cgtp.pt\/uniao-evora\/wp-json\/wp\/v2\/categories?post=2513"},{"taxonomy":"post_tag","embeddable":true,"href":"https:\/\/sindicatos.cgtp.pt\/uniao-evora\/wp-json\/wp\/v2\/tags?post=2513"}],"curies":[{"name":"wp","href":"https:\/\/api.w.org\/{rel}","templated":true}]}}