{"id":2574,"date":"2017-11-24T09:53:43","date_gmt":"2017-11-24T09:53:43","guid":{"rendered":"http:\/\/sindicatos.cgtp.pt\/uniao-evora\/?p=2574"},"modified":"2017-11-29T12:13:27","modified_gmt":"2017-11-29T12:13:27","slug":"grandes-as-adesoes-a-greve-dos-trabalhadores-da-saude-2","status":"publish","type":"post","link":"https:\/\/sindicatos.cgtp.pt\/uniao-evora\/2017\/11\/24\/grandes-as-adesoes-a-greve-dos-trabalhadores-da-saude-2\/","title":{"rendered":"Grandes as ades\u00f5es \u00e0 greve dos trabalhadores da sa\u00fade"},"content":{"rendered":"<p>A Federa\u00e7\u00e3o Nacional dos Sindicatos dos Trabalhadores em Fun\u00e7\u00f5es P\u00fablicas e Sociais, convocou para hoje dia 24 Novembro uma Greve Nacional dos trabalhadores da sa\u00fade.<\/p>\n<p>De acordo com os dados recolhidos pelo STFPSSRA est\u00e1 a ser uma excelente greve com fortes ades\u00f5es em particular no Hospital Esp\u00edrito Santo, EPE de \u00c9vora , que no turno das OOH \u00e0s 08H tiveram a 100% os servi\u00e7os de urg\u00eancia geral, cirurgia 1, obstetr\u00edcia e ginecologia, ortopedia, especialidades m\u00e9dicas, convalescen\u00e7a, cardiologia, medicina 1 e DPSM.<!--more--><\/p>\n<p>Continua a grande ades\u00e3o no turno das 08H \u00e0s 16H, 90% servi\u00e7os de urg\u00eancia geral, 100% no servi\u00e7o sangue, RX, NEE, cirurgia 1 e 2, obstetr\u00edcia e ginecologia, especialidades m\u00e9dicas, cardiologia, medicina 1 e DPSM, 80% farm\u00e1cia e a 50% bloco, medicina 2.<\/p>\n<p>Ficando assim demonstrado pelos trabalhadores que est\u00e3o determinados para alcan\u00e7arem as sua reivindica\u00e7\u00f5es; Pela negocia\u00e7\u00e3o da carreira de T\u00e9cnico Auxiliar de Sa\u00fade; \u00a0Pela aplica\u00e7\u00e3o das 35 horas de trabalho semanal a todos os trabalhadores; \u00a0Pela admiss\u00e3o dos trabalhadores necess\u00e1rios ao Servi\u00e7o Nacional de Sa\u00fade; \u00a0Pela valoriza\u00e7\u00e3o da Carreira de T\u00e9cnico Superior de Diagn\u00f3stico e Terap\u00eautica; \u00a0Pelo fim dos cortes no pagamento das horas de qualidade e do trabalho suplementar; \u00a0Pela aplica\u00e7\u00e3o do V\u00ednculo P\u00fablico de Nomea\u00e7\u00e3o a todos os trabalhadores do SNS; \u00a0Pela justa valoriza\u00e7\u00e3o da Carreira Especial de T\u00e9cnico de Emerg\u00eancia Pr\u00e9-Hospitalar; \u00a0Pela revis\u00e3o da Carreira de T\u00e9cnico Superior de Sa\u00fade; \u00a0Pelo pagamento do Abono para falhas aos trabalhadores que manuseiam valores.<\/p>\n<p>A Uni\u00e3o dos Sindicatos do Distrito de \u00c9vora, sa\u00fada\u00a0 a coragem e a determina\u00e7\u00e3o dos trabalhadores da sa\u00fade que por todo o pa\u00eds, por todo o distrito e em particular os do Hospital Esp\u00edrito Santo, EPE de \u00c9vora, que aderiram \u00e0 greve nacional convocada para hoje.<\/p>\n<p>Vamos alargar e intensificar a ac\u00e7\u00e3o e a luta reivindicativa nos locais de trabalho, empresas e servi\u00e7os, porque a luta vale a pena, como a vida prova todos os dias.<\/p>\n<p>Tomemos nas nossas m\u00e3os o nosso futuro, com a for\u00e7a dos trabalhadores, mobilizados na sua organiza\u00e7\u00e3o de classe, com a confian\u00e7a que a hist\u00f3ria nos ensina e a determina\u00e7\u00e3o dada pela justeza dos nossos objectivos, unidos, esclarecidos e mobilizados &#8211; Vamos \u00e0 luta!<\/p>\n","protected":false},"excerpt":{"rendered":"<p>A Federa\u00e7\u00e3o Nacional dos Sindicatos dos Trabalhadores em Fun\u00e7\u00f5es P\u00fablicas e Sociais, convocou para hoje dia 24 Novembro uma Greve Nacional dos trabalhadores da sa\u00fade. De acordo com os dados recolhidos pelo STFPSSRA est\u00e1 a ser uma excelente greve com fortes ades\u00f5es em particular no<\/p>\n","protected":false},"author":41,"featured_media":0,"comment_status":"closed","ping_status":"open","sticky":false,"template":"","format":"standard","meta":{"footnotes":""},"categories":[4,1],"tags":[],"class_list":["post-2574","post","type-post","status-publish","format-standard","hentry","category-accao-sindical","category-noticias"],"_links":{"self":[{"href":"https:\/\/sindicatos.cgtp.pt\/uniao-evora\/wp-json\/wp\/v2\/posts\/2574","targetHints":{"allow":["GET"]}}],"collection":[{"href":"https:\/\/sindicatos.cgtp.pt\/uniao-evora\/wp-json\/wp\/v2\/posts"}],"about":[{"href":"https:\/\/sindicatos.cgtp.pt\/uniao-evora\/wp-json\/wp\/v2\/types\/post"}],"author":[{"embeddable":true,"href":"https:\/\/sindicatos.cgtp.pt\/uniao-evora\/wp-json\/wp\/v2\/users\/41"}],"replies":[{"embeddable":true,"href":"https:\/\/sindicatos.cgtp.pt\/uniao-evora\/wp-json\/wp\/v2\/comments?post=2574"}],"version-history":[{"count":3,"href":"https:\/\/sindicatos.cgtp.pt\/uniao-evora\/wp-json\/wp\/v2\/posts\/2574\/revisions"}],"predecessor-version":[{"id":2580,"href":"https:\/\/sindicatos.cgtp.pt\/uniao-evora\/wp-json\/wp\/v2\/posts\/2574\/revisions\/2580"}],"wp:attachment":[{"href":"https:\/\/sindicatos.cgtp.pt\/uniao-evora\/wp-json\/wp\/v2\/media?parent=2574"}],"wp:term":[{"taxonomy":"category","embeddable":true,"href":"https:\/\/sindicatos.cgtp.pt\/uniao-evora\/wp-json\/wp\/v2\/categories?post=2574"},{"taxonomy":"post_tag","embeddable":true,"href":"https:\/\/sindicatos.cgtp.pt\/uniao-evora\/wp-json\/wp\/v2\/tags?post=2574"}],"curies":[{"name":"wp","href":"https:\/\/api.w.org\/{rel}","templated":true}]}}