{"id":2596,"date":"2018-01-06T17:43:11","date_gmt":"2018-01-06T17:43:11","guid":{"rendered":"http:\/\/sindicatos.cgtp.pt\/uniao-evora\/?p=2596"},"modified":"2018-01-18T18:50:34","modified_gmt":"2018-01-18T18:50:34","slug":"aumento-salarial-de-3-na-metalo-nicho","status":"publish","type":"post","link":"https:\/\/sindicatos.cgtp.pt\/uniao-evora\/2018\/01\/06\/aumento-salarial-de-3-na-metalo-nicho\/","title":{"rendered":"Aumento Salarial de 3% na Metalo-Nicho"},"content":{"rendered":"<p><a href=\"https:\/\/sindicatos.cgtp.pt\/uniao-evora\/2017\/02\/01\/3-de-aumento-nos-salarios-na-metalo-nicho\/c70230a3-8426-4163-a2c5-ecb1c7f7440c\/\" rel=\"attachment wp-att-2156\"><img loading=\"lazy\" decoding=\"async\" class=\"alignleft size-medium wp-image-2156\" alt=\"Metalo nicho\" src=\"https:\/\/sindicatos.cgtp.pt\/uniao-evora\/wp-content\/blogs.dir\/44\/files\/sites\/44\/2017\/02\/c70230a3-8426-4163-a2c5-ecb1c7f7440c-228x240.jpg\" width=\"228\" height=\"240\" srcset=\"https:\/\/sindicatos.cgtp.pt\/uniao-evora\/wp-content\/blogs.dir\/44\/files\/sites\/44\/2017\/02\/c70230a3-8426-4163-a2c5-ecb1c7f7440c-228x240.jpg 228w, https:\/\/sindicatos.cgtp.pt\/uniao-evora\/wp-content\/blogs.dir\/44\/files\/sites\/44\/2017\/02\/c70230a3-8426-4163-a2c5-ecb1c7f7440c.jpg 406w\" sizes=\"auto, (max-width: 228px) 100vw, 228px\" \/><\/a>Os trabalhadores da Metalo-Nicho S.A. reunidos em plen\u00e1rio haviam decidido apresentar \u00e0 empresa as reivindica\u00e7\u00f5es para o ano 2018. De entre as quais a exig\u00eancia pela aplica\u00e7\u00e3o do CCTV (contrato coletivo de trabalho, vertical) entre a AIMMAP e a Fiequimetal; a reposi\u00e7\u00e3o dos valores do trabalho suplementar praticados antes de Junho de 2012; uma redu\u00e7\u00e3o progressiva dos hor\u00e1rios de trabalho sem perda de retribui\u00e7\u00e3o e direitos, de forma atingir as de 35 horas semanais.<!--more--><\/p>\n<p>N\u00e3o tendo sido poss\u00edvel chegar acordo em todas as mat\u00e9rias \u00e9 de valorizar um aumento de 3% no sal\u00e1rio e no subs\u00eddio de refei\u00e7\u00e3o, que se situa agora nos 6,20 euros, para todos os trabalhadores. De destacar ainda que nesta empresa todos os trabalhadores t\u00eam sal\u00e1rios acima dos 600\u20ac.<\/p>\n<p>As restantes mat\u00e9rias constantes na reivindica\u00e7\u00e3o continuar\u00e3o a ser objecto de discuss\u00e3o e negocia\u00e7\u00e3o com a administra\u00e7\u00e3o da empresa, com vista \u00e0 melhoria das condi\u00e7\u00f5es de vida dos trabalhadores.<\/p>\n<p>Fica demonstrado que \u00e9 poss\u00edvel melhorar sal\u00e1rios e as condi\u00e7\u00f5es de trabalho, que vale a pena ser sindicalizado, estar organizado, exigir e lutar.<\/p>\n<p><b><i>Defende os teus direitos, Sindicaliza-te!<\/i><\/b><\/p>\n<p>&nbsp;<\/p>\n","protected":false},"excerpt":{"rendered":"<p>Os trabalhadores da Metalo-Nicho S.A. reunidos em plen\u00e1rio haviam decidido apresentar \u00e0 empresa as reivindica\u00e7\u00f5es para o ano 2018. De entre as quais a exig\u00eancia pela aplica\u00e7\u00e3o do CCTV (contrato coletivo de trabalho, vertical) entre a AIMMAP e a Fiequimetal; a reposi\u00e7\u00e3o dos valores do<\/p>\n","protected":false},"author":41,"featured_media":0,"comment_status":"closed","ping_status":"open","sticky":false,"template":"","format":"standard","meta":{"footnotes":""},"categories":[4,1],"tags":[],"class_list":["post-2596","post","type-post","status-publish","format-standard","hentry","category-accao-sindical","category-noticias"],"_links":{"self":[{"href":"https:\/\/sindicatos.cgtp.pt\/uniao-evora\/wp-json\/wp\/v2\/posts\/2596","targetHints":{"allow":["GET"]}}],"collection":[{"href":"https:\/\/sindicatos.cgtp.pt\/uniao-evora\/wp-json\/wp\/v2\/posts"}],"about":[{"href":"https:\/\/sindicatos.cgtp.pt\/uniao-evora\/wp-json\/wp\/v2\/types\/post"}],"author":[{"embeddable":true,"href":"https:\/\/sindicatos.cgtp.pt\/uniao-evora\/wp-json\/wp\/v2\/users\/41"}],"replies":[{"embeddable":true,"href":"https:\/\/sindicatos.cgtp.pt\/uniao-evora\/wp-json\/wp\/v2\/comments?post=2596"}],"version-history":[{"count":3,"href":"https:\/\/sindicatos.cgtp.pt\/uniao-evora\/wp-json\/wp\/v2\/posts\/2596\/revisions"}],"predecessor-version":[{"id":2607,"href":"https:\/\/sindicatos.cgtp.pt\/uniao-evora\/wp-json\/wp\/v2\/posts\/2596\/revisions\/2607"}],"wp:attachment":[{"href":"https:\/\/sindicatos.cgtp.pt\/uniao-evora\/wp-json\/wp\/v2\/media?parent=2596"}],"wp:term":[{"taxonomy":"category","embeddable":true,"href":"https:\/\/sindicatos.cgtp.pt\/uniao-evora\/wp-json\/wp\/v2\/categories?post=2596"},{"taxonomy":"post_tag","embeddable":true,"href":"https:\/\/sindicatos.cgtp.pt\/uniao-evora\/wp-json\/wp\/v2\/tags?post=2596"}],"curies":[{"name":"wp","href":"https:\/\/api.w.org\/{rel}","templated":true}]}}