{"id":2598,"date":"2018-01-09T11:52:13","date_gmt":"2018-01-09T11:52:13","guid":{"rendered":"http:\/\/sindicatos.cgtp.pt\/uniao-evora\/?p=2598"},"modified":"2018-02-05T20:03:21","modified_gmt":"2018-02-05T20:03:21","slug":"hospital-de-evora-converte-contratos-de-substituicao-em-contratos-sem-termo","status":"publish","type":"post","link":"https:\/\/sindicatos.cgtp.pt\/uniao-evora\/2018\/01\/09\/hospital-de-evora-converte-contratos-de-substituicao-em-contratos-sem-termo\/","title":{"rendered":"Hospital de \u00c9vora converte contratos de substitui\u00e7\u00e3o em contratos sem termo"},"content":{"rendered":"<p><a href=\"https:\/\/sindicatos.cgtp.pt\/uniao-evora\/2017\/10\/26\/urgencia-geral-do-hospital-evora-a-100-forte-adessao-a-greve\/hospital-2\/\" rel=\"attachment wp-att-2530\"><img loading=\"lazy\" decoding=\"async\" class=\"alignleft size-medium wp-image-2530\" alt=\"hospital\" src=\"https:\/\/sindicatos.cgtp.pt\/uniao-evora\/wp-content\/blogs.dir\/44\/files\/sites\/44\/2017\/10\/hospital-240x127.jpg\" width=\"240\" height=\"127\" srcset=\"https:\/\/sindicatos.cgtp.pt\/uniao-evora\/wp-content\/blogs.dir\/44\/files\/sites\/44\/2017\/10\/hospital-240x127.jpg 240w, https:\/\/sindicatos.cgtp.pt\/uniao-evora\/wp-content\/blogs.dir\/44\/files\/sites\/44\/2017\/10\/hospital.jpg 788w\" sizes=\"auto, (max-width: 240px) 100vw, 240px\" \/><\/a>A administra\u00e7\u00e3o do Hospital do Esp\u00edrito Santo, de \u00c9vora, decidiu converter os contratos de substitui\u00e7\u00e3o em contratos sem termo. O SEP Sindicato dos Enfermeiros Portugueses congratulou-se com esta decis\u00e3o que honra o compromisso assumido com o SEP e com os enfermeiros.<!--more--><\/p>\n<p>A convers\u00e3o destes contratos vem ao encontro do que sempre defendemos e \u00e9 o reconhecimento do\u00a0direito\u00a0dos enfermeiros a um v\u00ednculo est\u00e1vel quando est\u00e3o no exerc\u00edcio e respondem a necessidades pr\u00f3prias dos servi\u00e7os.<\/p>\n<p>Continuaremos a exigir a admiss\u00e3o de mais enfermeiros porque a regulariza\u00e7\u00e3o da situa\u00e7\u00e3o contratual destes colegas n\u00e3o aumenta o n\u00famero de horas de cuidados de enfermagem necess\u00e1rios nos servi\u00e7os.<\/p>\n<h3>Trabalho extraordin\u00e1rio programado<\/h3>\n<p>Consideramos que, em \u00faltimo recurso, \u00e9 prefer\u00edvel o recurso a trabalho extraordin\u00e1rio programado que diminuir o n\u00famero de enfermeiros por turno\/seguir turno.<\/p>\n<p>Reiteramos a exig\u00eancia da contrata\u00e7\u00e3o em detrimento do trabalho extraordin\u00e1rio. Os enfermeiros est\u00e3o\u00a0exaustos\u00a0e a administra\u00e7\u00e3o \u00e9 respons\u00e1vel por criar ambientes seguros e saud\u00e1veis que minimizem o especial risco e penosidade a que estamos sujeitos.<\/p>\n<p>Administra\u00e7\u00e3o assume que faltam cerca de 50 profissionais na institui\u00e7\u00e3o e afirma ser sua inten\u00e7\u00e3o admiti-los no mais curto espa\u00e7o de tempo poss\u00edvel.<\/p>\n<p><a href=\"http:\/\/sep.org.pt\/artigo\/sem-categoria\/hospital-de-evora-converte-contratos-de-substituicao-em-contratos-sem-termo\/\">Fonte: SEP<\/a><\/p>\n","protected":false},"excerpt":{"rendered":"<p>A administra\u00e7\u00e3o do Hospital do Esp\u00edrito Santo, de \u00c9vora, decidiu converter os contratos de substitui\u00e7\u00e3o em contratos sem termo. O SEP Sindicato dos Enfermeiros Portugueses congratulou-se com esta decis\u00e3o que honra o compromisso assumido com o SEP e com os enfermeiros.<\/p>\n","protected":false},"author":41,"featured_media":0,"comment_status":"closed","ping_status":"open","sticky":false,"template":"","format":"standard","meta":{"footnotes":""},"categories":[4,1],"tags":[],"class_list":["post-2598","post","type-post","status-publish","format-standard","hentry","category-accao-sindical","category-noticias"],"_links":{"self":[{"href":"https:\/\/sindicatos.cgtp.pt\/uniao-evora\/wp-json\/wp\/v2\/posts\/2598","targetHints":{"allow":["GET"]}}],"collection":[{"href":"https:\/\/sindicatos.cgtp.pt\/uniao-evora\/wp-json\/wp\/v2\/posts"}],"about":[{"href":"https:\/\/sindicatos.cgtp.pt\/uniao-evora\/wp-json\/wp\/v2\/types\/post"}],"author":[{"embeddable":true,"href":"https:\/\/sindicatos.cgtp.pt\/uniao-evora\/wp-json\/wp\/v2\/users\/41"}],"replies":[{"embeddable":true,"href":"https:\/\/sindicatos.cgtp.pt\/uniao-evora\/wp-json\/wp\/v2\/comments?post=2598"}],"version-history":[{"count":2,"href":"https:\/\/sindicatos.cgtp.pt\/uniao-evora\/wp-json\/wp\/v2\/posts\/2598\/revisions"}],"predecessor-version":[{"id":2609,"href":"https:\/\/sindicatos.cgtp.pt\/uniao-evora\/wp-json\/wp\/v2\/posts\/2598\/revisions\/2609"}],"wp:attachment":[{"href":"https:\/\/sindicatos.cgtp.pt\/uniao-evora\/wp-json\/wp\/v2\/media?parent=2598"}],"wp:term":[{"taxonomy":"category","embeddable":true,"href":"https:\/\/sindicatos.cgtp.pt\/uniao-evora\/wp-json\/wp\/v2\/categories?post=2598"},{"taxonomy":"post_tag","embeddable":true,"href":"https:\/\/sindicatos.cgtp.pt\/uniao-evora\/wp-json\/wp\/v2\/tags?post=2598"}],"curies":[{"name":"wp","href":"https:\/\/api.w.org\/{rel}","templated":true}]}}