{"id":2616,"date":"2018-02-13T13:44:58","date_gmt":"2018-02-13T13:44:58","guid":{"rendered":"http:\/\/sindicatos.cgtp.pt\/uniao-evora\/?p=2616"},"modified":"2018-02-19T16:46:04","modified_gmt":"2018-02-19T16:46:04","slug":"ncd-em-vendas-novas-nao-respeita-feriado-de-carnaval","status":"publish","type":"post","link":"https:\/\/sindicatos.cgtp.pt\/uniao-evora\/2018\/02\/13\/ncd-em-vendas-novas-nao-respeita-feriado-de-carnaval\/","title":{"rendered":"NCD em Vendas Novas n\u00e3o respeita Feriado de Carnaval"},"content":{"rendered":"<p>No Parque Industrial de Vendas Novas a empresa NCD \u2013 Natural Companhia de Detergentes Lda. n\u00e3o respeitou a contrata\u00e7\u00e3o colectiva do sector, tendo trabalhado na ter\u00e7a-feira de Carnaval como se de um dia normal de trabalho se trata-se.<!--more--><\/p>\n<div>\n<p>Algumas empresas t\u00eam tentado considerar a ter\u00e7a-feira de Carnaval como dia normal de trabalho, numa atitude retr\u00f3grada e reaccion\u00e1ria.<\/p>\n<p>A luta pela defesa do direito ao gozo do dia de Carnaval e ao pagamento como dia de feriado, tem dado frutos, como a vida comprova, na base dos direitos adquiridos, da aplica\u00e7\u00e3o do direito consagrado nas conven\u00e7\u00f5es colectivas de trabalho e tamb\u00e9m por ser uso e costume (como sobre a quest\u00e3o se pronunciou o Tribunal da Rela\u00e7\u00e3o de Guimar\u00e3es dando raz\u00e3o aos trabalhadores da Bosch e ao seu sindicato, SITE), entre outros.<\/p>\n<p>\u00c9 necess\u00e1rio defender o direito ao gozo e pagamento do dia de Carnaval enquanto feriado. O Sindicato SITE Sul apela \u00e0 unidade e luta dos trabalhadores em defesa deste direito plasmado na Contrata\u00e7\u00e3o Colectiva, devendo a mesma ser aplicada pelos patr\u00f5es.<\/p>\n<\/div>\n","protected":false},"excerpt":{"rendered":"<p>No Parque Industrial de Vendas Novas a empresa NCD \u2013 Natural Companhia de Detergentes Lda. n\u00e3o respeitou a contrata\u00e7\u00e3o colectiva do sector, tendo trabalhado na ter\u00e7a-feira de Carnaval como se de um dia normal de trabalho se trata-se.<\/p>\n","protected":false},"author":41,"featured_media":0,"comment_status":"closed","ping_status":"open","sticky":false,"template":"","format":"standard","meta":{"footnotes":""},"categories":[4,1],"tags":[],"class_list":["post-2616","post","type-post","status-publish","format-standard","hentry","category-accao-sindical","category-noticias"],"_links":{"self":[{"href":"https:\/\/sindicatos.cgtp.pt\/uniao-evora\/wp-json\/wp\/v2\/posts\/2616","targetHints":{"allow":["GET"]}}],"collection":[{"href":"https:\/\/sindicatos.cgtp.pt\/uniao-evora\/wp-json\/wp\/v2\/posts"}],"about":[{"href":"https:\/\/sindicatos.cgtp.pt\/uniao-evora\/wp-json\/wp\/v2\/types\/post"}],"author":[{"embeddable":true,"href":"https:\/\/sindicatos.cgtp.pt\/uniao-evora\/wp-json\/wp\/v2\/users\/41"}],"replies":[{"embeddable":true,"href":"https:\/\/sindicatos.cgtp.pt\/uniao-evora\/wp-json\/wp\/v2\/comments?post=2616"}],"version-history":[{"count":2,"href":"https:\/\/sindicatos.cgtp.pt\/uniao-evora\/wp-json\/wp\/v2\/posts\/2616\/revisions"}],"predecessor-version":[{"id":2627,"href":"https:\/\/sindicatos.cgtp.pt\/uniao-evora\/wp-json\/wp\/v2\/posts\/2616\/revisions\/2627"}],"wp:attachment":[{"href":"https:\/\/sindicatos.cgtp.pt\/uniao-evora\/wp-json\/wp\/v2\/media?parent=2616"}],"wp:term":[{"taxonomy":"category","embeddable":true,"href":"https:\/\/sindicatos.cgtp.pt\/uniao-evora\/wp-json\/wp\/v2\/categories?post=2616"},{"taxonomy":"post_tag","embeddable":true,"href":"https:\/\/sindicatos.cgtp.pt\/uniao-evora\/wp-json\/wp\/v2\/tags?post=2616"}],"curies":[{"name":"wp","href":"https:\/\/api.w.org\/{rel}","templated":true}]}}