{"id":2619,"date":"2018-02-19T16:39:44","date_gmt":"2018-02-19T16:39:44","guid":{"rendered":"http:\/\/sindicatos.cgtp.pt\/uniao-evora\/?p=2619"},"modified":"2018-02-26T18:42:51","modified_gmt":"2018-02-26T18:42:51","slug":"defender-o-controlo-publico-dos-ctt-as-estacoes-dos-correios-e-os-postos-de-trabalho","status":"publish","type":"post","link":"https:\/\/sindicatos.cgtp.pt\/uniao-evora\/2018\/02\/19\/defender-o-controlo-publico-dos-ctt-as-estacoes-dos-correios-e-os-postos-de-trabalho\/","title":{"rendered":"Defender o controlo p\u00fablico dos CTT, as Esta\u00e7\u00f5es dos Correios e os Postos de Trabalho"},"content":{"rendered":"<p><a href=\"https:\/\/sindicatos.cgtp.pt\/uniao-evora\/2018\/02\/19\/defender-o-controlo-publico-dos-ctt-as-estacoes-dos-correios-e-os-postos-de-trabalho\/ctt0\/\" rel=\"attachment wp-att-2620\"><img loading=\"lazy\" decoding=\"async\" class=\"alignleft size-medium wp-image-2620\" alt=\"ctt0\" src=\"https:\/\/sindicatos.cgtp.pt\/uniao-evora\/wp-content\/blogs.dir\/44\/files\/sites\/44\/2018\/02\/ctt0-240x130.jpg\" width=\"240\" height=\"130\" srcset=\"https:\/\/sindicatos.cgtp.pt\/uniao-evora\/wp-content\/blogs.dir\/44\/files\/sites\/44\/2018\/02\/ctt0-240x130.jpg 240w, https:\/\/sindicatos.cgtp.pt\/uniao-evora\/wp-content\/blogs.dir\/44\/files\/sites\/44\/2018\/02\/ctt0.jpg 440w\" sizes=\"auto, (max-width: 240px) 100vw, 240px\" \/><\/a>No pr\u00f3ximo dia 23 de Fevereiro \u00e0s 14H30 no Marques de Pombal em Lisboa, realiza-se uma manifesta\u00e7\u00e3o nacional convocada pelo Sindicato Nacional dos Trabalhadores dos Correios e Telecomunica\u00e7\u00f5es &#8211; SNTCT.<!--more--><\/p>\n<p>Esta ac\u00e7\u00e3o v\u00eam no seguimento das lutas j\u00e1 realizadas por todo o pa\u00eds, contra a degrada\u00e7\u00e3o deliberada da qualidade de servi\u00e7o levada a cabo pela administra\u00e7\u00e3o dos CTT, contra o encerramento das 22 esta\u00e7\u00f5es de correio e da inten\u00e7\u00e3o de encerrar muitas mais, contra o despedimento encapotado de pelo menos 800 trabalhadores e da n\u00e3o renova\u00e7\u00e3o de contrato a centenas de trabalhadores.<\/p>\n<p>A USDE\/CGTP-IN apela a todo os trabalhadores, aos reformados e a outras camadas da popula\u00e7\u00e3o que se mobilizem e participem\u00a0 nesta ac\u00e7\u00e3o de luta, em defesa do Servi\u00e7o P\u00fablico Postal, pela recupera\u00e7\u00e3o do Controlo P\u00fablico dos CTT, esta ac\u00e7\u00e3o de luta que \u00e9 de todos e para todos.<\/p>\n<p>A USDE\/CGTP-IN em conjunto com o SNTCT est\u00e1 a organizar autocarros que partem do distrito, para que ningu\u00e9m fique impossibilitado de participar por falta de transportes. Neste sentido apelamos a que fa\u00e7a chegar \u00e0 Uni\u00e3o de Sindicatos as inscri\u00e7\u00f5es ( 266 737 900 ou &#117;&#x73;d&#x65;&#64;&#109;&#x61;&#105;&#x6c;&#46;&#101;&#x76;&#111;&#x72;a&#x2e;&#x6e;&#101;&#x74; )<br \/>\nPartidas dos Autocarros: Portel &#8211; 9H30 &#8211; Rodovi\u00e1ria; Viana Alentejo &#8211; 10H &#8211; Rotunda sa\u00edda de Aguiar; \u00c9vora &#8211; 11H &#8211; Rossio (Hotel D. Fernando); Arraiolos &#8211; 12H &#8211; Multiusos; Montemor-o-Novo &#8211; 12H30 &#8211; Avenida (Parque Urbano) e Vendas Novas -13H &#8211; Piscinas<\/p>\n","protected":false},"excerpt":{"rendered":"<p>No pr\u00f3ximo dia 23 de Fevereiro \u00e0s 14H30 no Marques de Pombal em Lisboa, realiza-se uma manifesta\u00e7\u00e3o nacional convocada pelo Sindicato Nacional dos Trabalhadores dos Correios e Telecomunica\u00e7\u00f5es &#8211; SNTCT.<\/p>\n","protected":false},"author":41,"featured_media":0,"comment_status":"closed","ping_status":"open","sticky":false,"template":"","format":"standard","meta":{"footnotes":""},"categories":[4,1],"tags":[],"class_list":["post-2619","post","type-post","status-publish","format-standard","hentry","category-accao-sindical","category-noticias"],"_links":{"self":[{"href":"https:\/\/sindicatos.cgtp.pt\/uniao-evora\/wp-json\/wp\/v2\/posts\/2619","targetHints":{"allow":["GET"]}}],"collection":[{"href":"https:\/\/sindicatos.cgtp.pt\/uniao-evora\/wp-json\/wp\/v2\/posts"}],"about":[{"href":"https:\/\/sindicatos.cgtp.pt\/uniao-evora\/wp-json\/wp\/v2\/types\/post"}],"author":[{"embeddable":true,"href":"https:\/\/sindicatos.cgtp.pt\/uniao-evora\/wp-json\/wp\/v2\/users\/41"}],"replies":[{"embeddable":true,"href":"https:\/\/sindicatos.cgtp.pt\/uniao-evora\/wp-json\/wp\/v2\/comments?post=2619"}],"version-history":[{"count":7,"href":"https:\/\/sindicatos.cgtp.pt\/uniao-evora\/wp-json\/wp\/v2\/posts\/2619\/revisions"}],"predecessor-version":[{"id":2629,"href":"https:\/\/sindicatos.cgtp.pt\/uniao-evora\/wp-json\/wp\/v2\/posts\/2619\/revisions\/2629"}],"wp:attachment":[{"href":"https:\/\/sindicatos.cgtp.pt\/uniao-evora\/wp-json\/wp\/v2\/media?parent=2619"}],"wp:term":[{"taxonomy":"category","embeddable":true,"href":"https:\/\/sindicatos.cgtp.pt\/uniao-evora\/wp-json\/wp\/v2\/categories?post=2619"},{"taxonomy":"post_tag","embeddable":true,"href":"https:\/\/sindicatos.cgtp.pt\/uniao-evora\/wp-json\/wp\/v2\/tags?post=2619"}],"curies":[{"name":"wp","href":"https:\/\/api.w.org\/{rel}","templated":true}]}}