{"id":3038,"date":"2019-01-28T10:45:36","date_gmt":"2019-01-28T10:45:36","guid":{"rendered":"http:\/\/sindicatos.cgtp.pt\/uniao-evora\/?p=3038"},"modified":"2019-02-27T16:06:28","modified_gmt":"2019-02-27T16:06:28","slug":"plenario-na-gestamp-vendas-novas-confirma-avancos","status":"publish","type":"post","link":"https:\/\/sindicatos.cgtp.pt\/uniao-evora\/2019\/01\/28\/plenario-na-gestamp-vendas-novas-confirma-avancos\/","title":{"rendered":"Plen\u00e1rio na Gestamp Vendas Novas confirma avan\u00e7os"},"content":{"rendered":"<p><a href=\"https:\/\/sindicatos.cgtp.pt\/uniao-evora\/2019\/01\/28\/plenario-na-gestamp-vendas-novas-confirma-avancos\/gestamp-2\/\" rel=\"attachment wp-att-3039\"><img loading=\"lazy\" decoding=\"async\" class=\"alignleft  wp-image-3039\" alt=\"gestamp\" src=\"https:\/\/sindicatos.cgtp.pt\/uniao-evora\/wp-content\/blogs.dir\/44\/files\/sites\/44\/2019\/01\/gestamp-800x446.jpg\" width=\"288\" height=\"160\" srcset=\"https:\/\/sindicatos.cgtp.pt\/uniao-evora\/wp-content\/blogs.dir\/44\/files\/sites\/44\/2019\/01\/gestamp-800x446.jpg 800w, https:\/\/sindicatos.cgtp.pt\/uniao-evora\/wp-content\/blogs.dir\/44\/files\/sites\/44\/2019\/01\/gestamp-240x133.jpg 240w, https:\/\/sindicatos.cgtp.pt\/uniao-evora\/wp-content\/blogs.dir\/44\/files\/sites\/44\/2019\/01\/gestamp.jpg 935w\" sizes=\"auto, (max-width: 288px) 100vw, 288px\" \/><\/a>Os trabalhadores da Gestamp Vendas Novas tinham raz\u00e3o quando resistiram \u00e0 ofensiva das empresas do sector autom\u00f3vel que tentavam a desregula\u00e7\u00e3o dos hor\u00e1rios de trabalho em 2017.<\/p>\n<p>Reunidos em Plen\u00e1rio no passado dia 22 confirmaram-se os avan\u00e7os nas conquistas de direitos e a unidade para o futuro. <!--more-->O ano 2019 iniciou para os trabalhadores da Gestamp com aumento salarial de 30 euros para todos os trabalhadores, passagem de 10 trabalhadores com v\u00ednculos prec\u00e1rios a efectivos e a cria\u00e7\u00e3o de um pr\u00e9mio de assiduidade com um valor trimestral de 75 euros.<\/p>\n<p>No \u00faltimo ano de um acordo negociado em 2017 com dura\u00e7\u00e3o nos anos de 2018 e 2019 estes trabalhadores, fruto da sua unidade em torno do Sindicato SITE Sul demonstraram que tinham raz\u00e3o quando em 2017 rejeitaram todo o tipo de chantagem com o prop\u00f3sito de lhes agravar os hor\u00e1rios e demais condi\u00e7\u00f5es de trabalho, nomeadamente a tentativa de tornar o S\u00e1bado como um dia normal de trabalho.<\/p>\n<p>Hoje \u00e9 poss\u00edvel dar resposta \u00e0s necessidades de produ\u00e7\u00e3o, tendo aumentado os postos de trabalho e garantindo o S\u00e1bado e o Domingo como dias de descanso semanal. Foi evitada uma redu\u00e7\u00e3o do valor do trabalho e desregula\u00e7\u00e3o da vida dos trabalhadores, bem como aumentaram as produ\u00e7\u00f5es, os sal\u00e1rios, o valor do trabalho extraordin\u00e1rio, entre outras conquistas.<\/p>\n<p>Com a melhoria das condi\u00e7\u00f5es de trabalho e aumento dos sal\u00e1rios, a multinacional espanhola confirmou \u00e0 comiss\u00e3o sindical que 2018 foi o ano em que a empresa teve melhores resultados desde que est\u00e1 instalada em Vendas Novas, o que significa que a melhoria das condi\u00e7\u00f5es de vida dos trabalhadores n\u00e3o prejudicou em nada a estabilidade da empresa.<\/p>\n","protected":false},"excerpt":{"rendered":"<p>Os trabalhadores da Gestamp Vendas Novas tinham raz\u00e3o quando resistiram \u00e0 ofensiva das empresas do sector autom\u00f3vel que tentavam a desregula\u00e7\u00e3o dos hor\u00e1rios de trabalho em 2017. Reunidos em Plen\u00e1rio no passado dia 22 confirmaram-se os avan\u00e7os nas conquistas de direitos e a unidade para<\/p>\n","protected":false},"author":41,"featured_media":0,"comment_status":"closed","ping_status":"open","sticky":false,"template":"","format":"standard","meta":{"footnotes":""},"categories":[4,1],"tags":[],"class_list":["post-3038","post","type-post","status-publish","format-standard","hentry","category-accao-sindical","category-noticias"],"_links":{"self":[{"href":"https:\/\/sindicatos.cgtp.pt\/uniao-evora\/wp-json\/wp\/v2\/posts\/3038","targetHints":{"allow":["GET"]}}],"collection":[{"href":"https:\/\/sindicatos.cgtp.pt\/uniao-evora\/wp-json\/wp\/v2\/posts"}],"about":[{"href":"https:\/\/sindicatos.cgtp.pt\/uniao-evora\/wp-json\/wp\/v2\/types\/post"}],"author":[{"embeddable":true,"href":"https:\/\/sindicatos.cgtp.pt\/uniao-evora\/wp-json\/wp\/v2\/users\/41"}],"replies":[{"embeddable":true,"href":"https:\/\/sindicatos.cgtp.pt\/uniao-evora\/wp-json\/wp\/v2\/comments?post=3038"}],"version-history":[{"count":4,"href":"https:\/\/sindicatos.cgtp.pt\/uniao-evora\/wp-json\/wp\/v2\/posts\/3038\/revisions"}],"predecessor-version":[{"id":3099,"href":"https:\/\/sindicatos.cgtp.pt\/uniao-evora\/wp-json\/wp\/v2\/posts\/3038\/revisions\/3099"}],"wp:attachment":[{"href":"https:\/\/sindicatos.cgtp.pt\/uniao-evora\/wp-json\/wp\/v2\/media?parent=3038"}],"wp:term":[{"taxonomy":"category","embeddable":true,"href":"https:\/\/sindicatos.cgtp.pt\/uniao-evora\/wp-json\/wp\/v2\/categories?post=3038"},{"taxonomy":"post_tag","embeddable":true,"href":"https:\/\/sindicatos.cgtp.pt\/uniao-evora\/wp-json\/wp\/v2\/tags?post=3038"}],"curies":[{"name":"wp","href":"https:\/\/api.w.org\/{rel}","templated":true}]}}