{"id":3066,"date":"2019-02-12T18:07:54","date_gmt":"2019-02-12T18:07:54","guid":{"rendered":"http:\/\/sindicatos.cgtp.pt\/uniao-evora\/?p=3066"},"modified":"2019-02-19T12:17:59","modified_gmt":"2019-02-19T12:17:59","slug":"lutar-pela-contratacao-colectiva-e-pelo-aumento-dos-salarios","status":"publish","type":"post","link":"https:\/\/sindicatos.cgtp.pt\/uniao-evora\/2019\/02\/12\/lutar-pela-contratacao-colectiva-e-pelo-aumento-dos-salarios\/","title":{"rendered":"Lutar pela Contrata\u00e7\u00e3o Colectiva e pelo aumento dos sal\u00e1rios"},"content":{"rendered":"<div><span style=\"color: #333333;font-family: Georgia, 'Times New Roman', 'Bitstream Charter', Times, serif\">Durante 2018 os trabalhadores da ABL Tecnhic, empresa de decapagem e recupera\u00e7\u00e3o de materiais em Vendas Novas, conseguiram com o apoio do Sindicato a reposi\u00e7\u00e3o de alguns<\/span><\/div>\n<div><span style=\"color: #333333;font-family: Georgia, 'Times New Roman', 'Bitstream Charter', Times, serif\">direitos.<!--more--><\/span><\/div>\n<div><span style=\"color: #333333;font-family: Georgia, 'Times New Roman', 'Bitstream Charter', Times, serif\">\u00a0<\/span><\/div>\n<div><span style=\"color: #333333;font-family: Georgia, 'Times New Roman', 'Bitstream Charter', Times, serif\">N\u00e3o tendo sido poss\u00edvel atingir a ambi\u00e7\u00e3o do necess\u00e1rio cumprimento pela empresa da<\/span><\/div>\n<div><span style=\"color: #333333;font-family: Georgia, 'Times New Roman', 'Bitstream Charter', Times, serif\">contrata\u00e7\u00e3o colectiva do sector metal\u00fargico e metalomec\u00e2nico, foi poss\u00edvel chegar mais longe pela continuada press\u00e3o dos trabalhadores, atrav\u00e9s do seu Sindicato.<\/span><\/div>\n<div><span style=\"color: #333333;font-family: Georgia, 'Times New Roman', 'Bitstream Charter', Times, serif\">\u00a0<\/span><\/div>\n<div><span style=\"color: #333333;font-family: Georgia, 'Times New Roman', 'Bitstream Charter', Times, serif\">Assim os trabalhadores conseguiram:<\/span><\/div>\n<div><span style=\"color: #333333;font-family: Georgia, 'Times New Roman', 'Bitstream Charter', Times, serif\">\u00a0<\/span><\/div>\n<div><span style=\"color: #333333;font-family: Georgia, 'Times New Roman', 'Bitstream Charter', Times, serif\">O aumento do subs\u00eddio de refei\u00e7\u00e3o em cerca de 17 euros (80 centimos por dia);<\/span><\/div>\n<div><span style=\"color: #333333;font-family: Georgia, 'Times New Roman', 'Bitstream Charter', Times, serif\">A antecipa\u00e7\u00e3o em Outubro do sal\u00e1rio m\u00ednimo na empresa para os 600 euros;<\/span><\/div>\n<div><span style=\"color: #333333;font-family: Georgia, 'Times New Roman', 'Bitstream Charter', Times, serif\">A actualiza\u00e7\u00e3o do valor das horas extra;<\/span><\/div>\n<div><span style=\"color: #333333;font-family: Georgia, 'Times New Roman', 'Bitstream Charter', Times, serif\">\u00c9 pela luta e pela unidade dos trabalhadores que se consegue a melhoria dos direitos.<\/span><\/div>\n<div><span style=\"color: #333333;font-family: Georgia, 'Times New Roman', 'Bitstream Charter', Times, serif\">\u00c9 necess\u00e1rio em 2019 continuar a lutar pela aplica\u00e7\u00e3o da Contrata\u00e7\u00e3o Colectiva e pelo Aumento Geral dos Sal\u00e1rios!<\/span><\/div>\n","protected":false},"excerpt":{"rendered":"<p>Durante 2018 os trabalhadores da ABL Tecnhic, empresa de decapagem e recupera\u00e7\u00e3o de materiais em Vendas Novas, conseguiram com o apoio do Sindicato a reposi\u00e7\u00e3o de alguns direitos.<\/p>\n","protected":false},"author":41,"featured_media":0,"comment_status":"closed","ping_status":"open","sticky":false,"template":"","format":"standard","meta":{"footnotes":""},"categories":[4,1],"tags":[],"class_list":["post-3066","post","type-post","status-publish","format-standard","hentry","category-accao-sindical","category-noticias"],"_links":{"self":[{"href":"https:\/\/sindicatos.cgtp.pt\/uniao-evora\/wp-json\/wp\/v2\/posts\/3066","targetHints":{"allow":["GET"]}}],"collection":[{"href":"https:\/\/sindicatos.cgtp.pt\/uniao-evora\/wp-json\/wp\/v2\/posts"}],"about":[{"href":"https:\/\/sindicatos.cgtp.pt\/uniao-evora\/wp-json\/wp\/v2\/types\/post"}],"author":[{"embeddable":true,"href":"https:\/\/sindicatos.cgtp.pt\/uniao-evora\/wp-json\/wp\/v2\/users\/41"}],"replies":[{"embeddable":true,"href":"https:\/\/sindicatos.cgtp.pt\/uniao-evora\/wp-json\/wp\/v2\/comments?post=3066"}],"version-history":[{"count":2,"href":"https:\/\/sindicatos.cgtp.pt\/uniao-evora\/wp-json\/wp\/v2\/posts\/3066\/revisions"}],"predecessor-version":[{"id":3079,"href":"https:\/\/sindicatos.cgtp.pt\/uniao-evora\/wp-json\/wp\/v2\/posts\/3066\/revisions\/3079"}],"wp:attachment":[{"href":"https:\/\/sindicatos.cgtp.pt\/uniao-evora\/wp-json\/wp\/v2\/media?parent=3066"}],"wp:term":[{"taxonomy":"category","embeddable":true,"href":"https:\/\/sindicatos.cgtp.pt\/uniao-evora\/wp-json\/wp\/v2\/categories?post=3066"},{"taxonomy":"post_tag","embeddable":true,"href":"https:\/\/sindicatos.cgtp.pt\/uniao-evora\/wp-json\/wp\/v2\/tags?post=3066"}],"curies":[{"name":"wp","href":"https:\/\/api.w.org\/{rel}","templated":true}]}}