{"id":3091,"date":"2019-02-26T21:12:06","date_gmt":"2019-02-26T21:12:06","guid":{"rendered":"http:\/\/sindicatos.cgtp.pt\/uniao-evora\/?p=3091"},"modified":"2019-02-27T16:07:43","modified_gmt":"2019-02-27T16:07:43","slug":"fevereiro-mes-de-luta-para-os-trabalhadores-do-c-a-da-fidelidade","status":"publish","type":"post","link":"https:\/\/sindicatos.cgtp.pt\/uniao-evora\/2019\/02\/26\/fevereiro-mes-de-luta-para-os-trabalhadores-do-c-a-da-fidelidade\/","title":{"rendered":"Fevereiro m\u00eas de luta para os trabalhadores do C.A da Fidelidade."},"content":{"rendered":"<p dir=\"ltr\"><a href=\"https:\/\/sindicatos.cgtp.pt\/uniao-evora\/2019\/02\/26\/fevereiro-mes-de-luta-para-os-trabalhadores-do-c-a-da-fidelidade\/fb_img_1551214719844\/\" rel=\"attachment wp-att-3092\"><img loading=\"lazy\" decoding=\"async\" class=\"alignleft  wp-image-3092\" alt=\"FB_IMG_1551214719844\" src=\"https:\/\/sindicatos.cgtp.pt\/uniao-evora\/wp-content\/blogs.dir\/44\/files\/sites\/44\/2019\/02\/FB_IMG_1551214719844-600x800.jpg\" width=\"173\" height=\"230\" srcset=\"https:\/\/sindicatos.cgtp.pt\/uniao-evora\/wp-content\/blogs.dir\/44\/files\/sites\/44\/2019\/02\/FB_IMG_1551214719844-600x800.jpg 600w, https:\/\/sindicatos.cgtp.pt\/uniao-evora\/wp-content\/blogs.dir\/44\/files\/sites\/44\/2019\/02\/FB_IMG_1551214719844-180x240.jpg 180w, https:\/\/sindicatos.cgtp.pt\/uniao-evora\/wp-content\/blogs.dir\/44\/files\/sites\/44\/2019\/02\/FB_IMG_1551214719844.jpg 720w\" sizes=\"auto, (max-width: 173px) 100vw, 173px\" \/><\/a>Hoje, trabalhadores do centro atendimento da Fidelidade em \u00c9vora realizaram a quarta greve neste m\u00eas Fevereiro e deslocaram-se a Lisboa onde organizaram um cord\u00e3o humano pela baixa da cidade, em direc\u00e7\u00e3o ao Calhariz. Durante todo o percurso fizeram-se ouvir as suas reivindica\u00e7\u00f5es e as condi\u00e7\u00f5es prec\u00e1rias em que trabalham.<\/p>\n<p dir=\"ltr\">Concentrados em protesto a porta da Fidelidade, os trabalhadores do C.A, contaram com a presen\u00e7a e solidariedade do secret\u00e1rio-geral da CGTP-IN Arm\u00e9nio Carlos, que acompanhou estes trabalhadores desde o in\u00edcio desta jornada de luta.<!--more--><\/p>\n<p dir=\"ltr\">Saudamos a unidade, coragem, persist\u00eancia e resist\u00eancia dos trabalhadores do C.A da Fidelidade pela firmeza com que lutam pelos seus direitos.<\/p>\n<p dir=\"ltr\">Em causa est\u00e3o aumentos salariais, aumentos de subs\u00eddio de alimenta\u00e7\u00e3o, melhores condi\u00e7\u00f5es de sa\u00fade e higiene e seguran\u00e7a e aplica\u00e7\u00e3o do CCT.<\/p>\n<p dir=\"ltr\">Embora a Fidelidade n\u00e3o tenha ainda cumprido a sua palavra no agendamento de uma reuni\u00e3o com o SINAPSA, estes trabalhadores continuam determinados em lutar at\u00e9 as suas reivindica\u00e7\u00f5es serem ouvidas.<\/p>\n","protected":false},"excerpt":{"rendered":"<p>Hoje, trabalhadores do centro atendimento da Fidelidade em \u00c9vora realizaram a quarta greve neste m\u00eas Fevereiro e deslocaram-se a Lisboa onde organizaram um cord\u00e3o humano pela baixa da cidade, em direc\u00e7\u00e3o ao Calhariz. Durante todo o percurso fizeram-se ouvir as suas reivindica\u00e7\u00f5es e as condi\u00e7\u00f5es<\/p>\n","protected":false},"author":41,"featured_media":0,"comment_status":"closed","ping_status":"open","sticky":false,"template":"","format":"standard","meta":{"footnotes":""},"categories":[4,1],"tags":[],"class_list":["post-3091","post","type-post","status-publish","format-standard","hentry","category-accao-sindical","category-noticias"],"_links":{"self":[{"href":"https:\/\/sindicatos.cgtp.pt\/uniao-evora\/wp-json\/wp\/v2\/posts\/3091","targetHints":{"allow":["GET"]}}],"collection":[{"href":"https:\/\/sindicatos.cgtp.pt\/uniao-evora\/wp-json\/wp\/v2\/posts"}],"about":[{"href":"https:\/\/sindicatos.cgtp.pt\/uniao-evora\/wp-json\/wp\/v2\/types\/post"}],"author":[{"embeddable":true,"href":"https:\/\/sindicatos.cgtp.pt\/uniao-evora\/wp-json\/wp\/v2\/users\/41"}],"replies":[{"embeddable":true,"href":"https:\/\/sindicatos.cgtp.pt\/uniao-evora\/wp-json\/wp\/v2\/comments?post=3091"}],"version-history":[{"count":5,"href":"https:\/\/sindicatos.cgtp.pt\/uniao-evora\/wp-json\/wp\/v2\/posts\/3091\/revisions"}],"predecessor-version":[{"id":3102,"href":"https:\/\/sindicatos.cgtp.pt\/uniao-evora\/wp-json\/wp\/v2\/posts\/3091\/revisions\/3102"}],"wp:attachment":[{"href":"https:\/\/sindicatos.cgtp.pt\/uniao-evora\/wp-json\/wp\/v2\/media?parent=3091"}],"wp:term":[{"taxonomy":"category","embeddable":true,"href":"https:\/\/sindicatos.cgtp.pt\/uniao-evora\/wp-json\/wp\/v2\/categories?post=3091"},{"taxonomy":"post_tag","embeddable":true,"href":"https:\/\/sindicatos.cgtp.pt\/uniao-evora\/wp-json\/wp\/v2\/tags?post=3091"}],"curies":[{"name":"wp","href":"https:\/\/api.w.org\/{rel}","templated":true}]}}