{"id":3097,"date":"2019-02-27T16:02:52","date_gmt":"2019-02-27T16:02:52","guid":{"rendered":"http:\/\/sindicatos.cgtp.pt\/uniao-evora\/?p=3097"},"modified":"2020-06-02T19:25:59","modified_gmt":"2020-06-02T19:25:59","slug":"alteracao-da-morada-funcionamento-da-uniao-sindicatos-do-distrito-de-evoracgtp-in","status":"publish","type":"post","link":"https:\/\/sindicatos.cgtp.pt\/uniao-evora\/2019\/02\/27\/alteracao-da-morada-funcionamento-da-uniao-sindicatos-do-distrito-de-evoracgtp-in\/","title":{"rendered":"Altera\u00e7\u00e3o da morada funcionamento da Uni\u00e3o Sindicatos do Distrito de \u00c9vora\/CGTP-IN"},"content":{"rendered":"<p>A USDE\/CGTP-IN informa todos os associados dos sindicatos que comp\u00f5em a Casa Sindical de \u00c9vora, bem como os trabalhadores que trabalham no distrito de \u00c9vora, que a partir do pr\u00f3ximo dia 1 Mar\u00e7o 2019, vamos funcionar provisoriamente, nas instala\u00e7\u00f5es do Sindicato dos Professores da Zona Sul, que sita, \u00a0<strong>Av. Condes de Vilalva, n.\u00ba 257: 7000-744 em \u00c9vora.<\/strong><\/p>\n<p>Esta altera\u00e7\u00e3o na morada de funcionamento, prende-se com a concretiza\u00e7\u00e3o do projecto de constru\u00e7\u00e3o em \u00c9vora da nova Casa Sindical da CGTP-IN, que garantir\u00e1 melhores condi\u00e7\u00f5es de trabalho para os funcion\u00e1rios sindicais, bem como melhor acolhimento e atendimento aos trabalhadores que ali se dirigiam, potenciando assim mais meios e for\u00e7a aos sindicatos para a interven\u00e7\u00e3o sindical.<\/p>\n","protected":false},"excerpt":{"rendered":"<p>A USDE\/CGTP-IN informa todos os associados dos sindicatos que comp\u00f5em a Casa Sindical de \u00c9vora, bem como os trabalhadores que trabalham no distrito de \u00c9vora, que a partir do pr\u00f3ximo dia 1 Mar\u00e7o 2019, vamos funcionar provisoriamente, nas instala\u00e7\u00f5es do Sindicato dos Professores da Zona<\/p>\n","protected":false},"author":41,"featured_media":0,"comment_status":"closed","ping_status":"open","sticky":false,"template":"","format":"standard","meta":{"footnotes":""},"categories":[4,1],"tags":[],"class_list":["post-3097","post","type-post","status-publish","format-standard","hentry","category-accao-sindical","category-noticias"],"_links":{"self":[{"href":"https:\/\/sindicatos.cgtp.pt\/uniao-evora\/wp-json\/wp\/v2\/posts\/3097","targetHints":{"allow":["GET"]}}],"collection":[{"href":"https:\/\/sindicatos.cgtp.pt\/uniao-evora\/wp-json\/wp\/v2\/posts"}],"about":[{"href":"https:\/\/sindicatos.cgtp.pt\/uniao-evora\/wp-json\/wp\/v2\/types\/post"}],"author":[{"embeddable":true,"href":"https:\/\/sindicatos.cgtp.pt\/uniao-evora\/wp-json\/wp\/v2\/users\/41"}],"replies":[{"embeddable":true,"href":"https:\/\/sindicatos.cgtp.pt\/uniao-evora\/wp-json\/wp\/v2\/comments?post=3097"}],"version-history":[{"count":2,"href":"https:\/\/sindicatos.cgtp.pt\/uniao-evora\/wp-json\/wp\/v2\/posts\/3097\/revisions"}],"predecessor-version":[{"id":3374,"href":"https:\/\/sindicatos.cgtp.pt\/uniao-evora\/wp-json\/wp\/v2\/posts\/3097\/revisions\/3374"}],"wp:attachment":[{"href":"https:\/\/sindicatos.cgtp.pt\/uniao-evora\/wp-json\/wp\/v2\/media?parent=3097"}],"wp:term":[{"taxonomy":"category","embeddable":true,"href":"https:\/\/sindicatos.cgtp.pt\/uniao-evora\/wp-json\/wp\/v2\/categories?post=3097"},{"taxonomy":"post_tag","embeddable":true,"href":"https:\/\/sindicatos.cgtp.pt\/uniao-evora\/wp-json\/wp\/v2\/tags?post=3097"}],"curies":[{"name":"wp","href":"https:\/\/api.w.org\/{rel}","templated":true}]}}