{"id":3106,"date":"2019-02-28T17:03:22","date_gmt":"2019-02-28T17:03:22","guid":{"rendered":"http:\/\/sindicatos.cgtp.pt\/uniao-evora\/?p=3106"},"modified":"2019-03-14T10:59:05","modified_gmt":"2019-03-14T10:59:05","slug":"acordo-de-aumento-salarial-de-50e-nos-marmores","status":"publish","type":"post","link":"https:\/\/sindicatos.cgtp.pt\/uniao-evora\/2019\/02\/28\/acordo-de-aumento-salarial-de-50e-nos-marmores\/","title":{"rendered":"Acordo de aumento salarial de 50\u20ac nos M\u00e1rmores"},"content":{"rendered":"<p><a href=\"https:\/\/sindicatos.cgtp.pt\/uniao-evora\/2018\/11\/23\/tragedia-verificada-que-podia-ter-sido-evitada\/12801323_1268946343122822_7412012620025723976_n\/\" rel=\"attachment wp-att-2998\"><img loading=\"lazy\" decoding=\"async\" class=\"alignleft  wp-image-2998\" alt=\"12801323_1268946343122822_7412012620025723976_n\" src=\"https:\/\/sindicatos.cgtp.pt\/uniao-evora\/wp-content\/blogs.dir\/44\/files\/sites\/44\/2018\/11\/12801323_1268946343122822_7412012620025723976_n-800x600.jpg\" width=\"288\" height=\"216\" srcset=\"https:\/\/sindicatos.cgtp.pt\/uniao-evora\/wp-content\/blogs.dir\/44\/files\/sites\/44\/2018\/11\/12801323_1268946343122822_7412012620025723976_n-800x600.jpg 800w, https:\/\/sindicatos.cgtp.pt\/uniao-evora\/wp-content\/blogs.dir\/44\/files\/sites\/44\/2018\/11\/12801323_1268946343122822_7412012620025723976_n-240x180.jpg 240w, https:\/\/sindicatos.cgtp.pt\/uniao-evora\/wp-content\/blogs.dir\/44\/files\/sites\/44\/2018\/11\/12801323_1268946343122822_7412012620025723976_n-160x120.jpg 160w, https:\/\/sindicatos.cgtp.pt\/uniao-evora\/wp-content\/blogs.dir\/44\/files\/sites\/44\/2018\/11\/12801323_1268946343122822_7412012620025723976_n.jpg 960w\" sizes=\"auto, (max-width: 288px) 100vw, 288px\" \/><\/a>Em 2018, a FEVICCOM\/CGTP-IN \u2013 Federa\u00e7\u00e3o dos Sindicatos da Cer\u00e2mica, Constru\u00e7\u00e3o e Vidro enviou \u00e0s associa\u00e7\u00f5es patronais do sector dos M\u00c1RMORES e GRANITOS, uma proposta de revis\u00e3o dos Contratos Colectivos de Trabalho (CCT), reafirmando que deveria ser dada prioridade \u00e0 negocia\u00e7\u00e3o das mat\u00e9rias salariais e outras de natureza pecuni\u00e1ria, de forma a responder \u00e0 redu\u00e7\u00e3o do poder de compra sentida pelos trabalhadores do sector, face ao aumento crescente do custo de vida.<!--more--><\/p>\n<p>Resultado da reivindica\u00e7\u00e3o, resist\u00eancia e luta!<\/p>\n<p>Ao longo dos \u00faltimos anos, foram v\u00e1rias as iniciativas desenvolvidas pelos trabalhadores, com o apoio dos seus Sindicatos, de apresenta\u00e7\u00e3o de propostas reivindicativas, dando corpo aos seus leg\u00edtimos anseios.<\/p>\n<p>Por diversas vezes as associa\u00e7\u00f5es patronais se recusaram a negociar, chegando mesmo ao ponto de n\u00e3o responder \u00e0s diversas propostas apresentadas pela nossa Federa\u00e7\u00e3o.<\/p>\n<p>Fruto da reivindica\u00e7\u00e3o, participa\u00e7\u00e3o, persist\u00eancia e luta, foi poss\u00edvel iniciar negocia\u00e7\u00f5es directas, depois da passagem pela fase de concilia\u00e7\u00e3o no Minist\u00e9rio do Trabalho.<\/p>\n<p>O aumento de 50 euros mensais, agora acordado com a ASSIMAGRA, com efeitos a 1 de janeiro de 2019, \u00e9 mais do que justo e rompe com o bloqueio negocial patronal dos \u00faltimos anos!<\/p>\n<p>A luta vai continuar pela consolida\u00e7\u00e3o do CCT do sector!<\/p>\n<p>Esta importante vit\u00f3ria dos trabalhadores do sector abre caminho para a continua\u00e7\u00e3o da luta pela consolida\u00e7\u00e3o e republica\u00e7\u00e3o do CCT do sector, com todos os seus direitos e garantias!<\/p>\n<p>COM UNIDADE, INTERVEN\u00c7\u00c3O E LUTA, OS TRABALHADORES VENCER\u00c3O!<\/p>\n<p>D\u00c1 MAIS FOR\u00c7A AO TEU SINDICATO! SINDICALIZA-TE!<\/p>\n<p><a href=\"http:\/\/sindicatos.cgtp.pt\/feviccom\/2019\/02\/28\/50-euros-acordo-de-aumento-salarial-no-sector-dos-marmores\/\">Fonte:FEVICCOM<\/a><\/p>\n","protected":false},"excerpt":{"rendered":"<p>Em 2018, a FEVICCOM\/CGTP-IN \u2013 Federa\u00e7\u00e3o dos Sindicatos da Cer\u00e2mica, Constru\u00e7\u00e3o e Vidro enviou \u00e0s associa\u00e7\u00f5es patronais do sector dos M\u00c1RMORES e GRANITOS, uma proposta de revis\u00e3o dos Contratos Colectivos de Trabalho (CCT), reafirmando que deveria ser dada prioridade \u00e0 negocia\u00e7\u00e3o das mat\u00e9rias salariais e<\/p>\n","protected":false},"author":41,"featured_media":0,"comment_status":"closed","ping_status":"open","sticky":false,"template":"","format":"standard","meta":{"footnotes":""},"categories":[4,1],"tags":[],"class_list":["post-3106","post","type-post","status-publish","format-standard","hentry","category-accao-sindical","category-noticias"],"_links":{"self":[{"href":"https:\/\/sindicatos.cgtp.pt\/uniao-evora\/wp-json\/wp\/v2\/posts\/3106","targetHints":{"allow":["GET"]}}],"collection":[{"href":"https:\/\/sindicatos.cgtp.pt\/uniao-evora\/wp-json\/wp\/v2\/posts"}],"about":[{"href":"https:\/\/sindicatos.cgtp.pt\/uniao-evora\/wp-json\/wp\/v2\/types\/post"}],"author":[{"embeddable":true,"href":"https:\/\/sindicatos.cgtp.pt\/uniao-evora\/wp-json\/wp\/v2\/users\/41"}],"replies":[{"embeddable":true,"href":"https:\/\/sindicatos.cgtp.pt\/uniao-evora\/wp-json\/wp\/v2\/comments?post=3106"}],"version-history":[{"count":2,"href":"https:\/\/sindicatos.cgtp.pt\/uniao-evora\/wp-json\/wp\/v2\/posts\/3106\/revisions"}],"predecessor-version":[{"id":3111,"href":"https:\/\/sindicatos.cgtp.pt\/uniao-evora\/wp-json\/wp\/v2\/posts\/3106\/revisions\/3111"}],"wp:attachment":[{"href":"https:\/\/sindicatos.cgtp.pt\/uniao-evora\/wp-json\/wp\/v2\/media?parent=3106"}],"wp:term":[{"taxonomy":"category","embeddable":true,"href":"https:\/\/sindicatos.cgtp.pt\/uniao-evora\/wp-json\/wp\/v2\/categories?post=3106"},{"taxonomy":"post_tag","embeddable":true,"href":"https:\/\/sindicatos.cgtp.pt\/uniao-evora\/wp-json\/wp\/v2\/tags?post=3106"}],"curies":[{"name":"wp","href":"https:\/\/api.w.org\/{rel}","templated":true}]}}