{"id":3192,"date":"2019-08-14T10:54:27","date_gmt":"2019-08-14T10:54:27","guid":{"rendered":"http:\/\/sindicatos.cgtp.pt\/uniao-evora\/?p=3192"},"modified":"2019-10-18T13:28:00","modified_gmt":"2019-10-18T13:28:00","slug":"eleita-a-comissao-sst-no-centro-contacto-da-fidelidade-em-evora","status":"publish","type":"post","link":"https:\/\/sindicatos.cgtp.pt\/uniao-evora\/2019\/08\/14\/eleita-a-comissao-sst-no-centro-contacto-da-fidelidade-em-evora\/","title":{"rendered":"Eleita a comiss\u00e3o SST no Centro Contacto da Fidelidade em \u00c9vora"},"content":{"rendered":"<p>J\u00e1 foi publicado no Boletim de Trabalho e Emprego n.\u00ba 29, de 8 de Agosto de 2019, o resultado das elei\u00e7\u00f5es para os representantes da Sa\u00fade e Seguran\u00e7a no Trabalho, no Centro de Atendimento da FIDELIDADE, em \u00c9vora.<!--more--><\/p>\n<p>Apesar de todos os incumprimentos levados a cabo pela empresa no decorrer de todo o processo eleitoral e cujo \u00fanico objectivo foi o de obstaculizar a elei\u00e7\u00e3o de representantes para SST, a lista promovida pelo SINAPSA elegeu 4 trabalhadores efectivos: David Guerra, Vera Pereira, Vanessa Roma e Luc\u00edlia Rom\u00e3o, a que se juntam os suplentes: Celda Santos, M\u00f3nica Patr\u00e3o, Andreia Salvador e M\u00f3nia Lopes.<\/p>\n<p>Todos recordaram que a Sa\u00fade e Seguran\u00e7a do Trabalho \u00e9, desde o in\u00edcio, uma das reivindica\u00e7\u00f5es do SINAPSA. A prolongada exposi\u00e7\u00e3o ao atendimento telef\u00f3nico e o <i>stress <\/i>psicol\u00f3gico fomentado pela press\u00e3o exercida sobre os trabalhadores, a par do excesso de trabalho, s\u00e3o factores que potenciam m\u00faltiplas doen\u00e7as, como ficou claro da apresenta\u00e7\u00e3o do Dr. Carlos Silva Santos, no dia 8 de Julho, no plen\u00e1rio promovido pelos candidatos, agora eleitos, do SINAPSA.<\/p>\n<p>Relembramos que os representantes eleitos t\u00eam os seguintes objectivos:<\/p>\n<ul>\n<li><b>Pausas de 10 minutos ap\u00f3s duas horas de atendimento;<\/b><\/li>\n<li><b>Altern\u00e2ncia entre atendimento e trabalho de BackOffice;<\/b><\/li>\n<li><b>Adequa\u00e7\u00e3o do n\u00famero de trabalhadores aos ritmos de trabalho;<\/b><\/li>\n<li><b>Rastreios auditivos e visuais anuais a todos os trabalhadores do Centro de Atendimento da Fidelidade;<\/b><\/li>\n<li><b>Headsets de qualidade e iguais para todos os trabalhadores;<\/b><\/li>\n<li><b>Adequa\u00e7\u00e3o da luminosidade ao local de trabalho.<\/b><\/li>\n<\/ul>\n<p>SINDICALIZA-TE NO SINAPSA. DEFENDE OS TEUS DIREITOS.<b><\/b><\/p>\n<p><a href=\"http:\/\/www.sinapsa.pt\/\">Fonte: SINAPSA<\/a><\/p>\n","protected":false},"excerpt":{"rendered":"<p>J\u00e1 foi publicado no Boletim de Trabalho e Emprego n.\u00ba 29, de 8 de Agosto de 2019, o resultado das elei\u00e7\u00f5es para os representantes da Sa\u00fade e Seguran\u00e7a no Trabalho, no Centro de Atendimento da FIDELIDADE, em \u00c9vora.<\/p>\n","protected":false},"author":41,"featured_media":0,"comment_status":"closed","ping_status":"open","sticky":false,"template":"","format":"standard","meta":{"footnotes":""},"categories":[4,1],"tags":[],"class_list":["post-3192","post","type-post","status-publish","format-standard","hentry","category-accao-sindical","category-noticias"],"_links":{"self":[{"href":"https:\/\/sindicatos.cgtp.pt\/uniao-evora\/wp-json\/wp\/v2\/posts\/3192","targetHints":{"allow":["GET"]}}],"collection":[{"href":"https:\/\/sindicatos.cgtp.pt\/uniao-evora\/wp-json\/wp\/v2\/posts"}],"about":[{"href":"https:\/\/sindicatos.cgtp.pt\/uniao-evora\/wp-json\/wp\/v2\/types\/post"}],"author":[{"embeddable":true,"href":"https:\/\/sindicatos.cgtp.pt\/uniao-evora\/wp-json\/wp\/v2\/users\/41"}],"replies":[{"embeddable":true,"href":"https:\/\/sindicatos.cgtp.pt\/uniao-evora\/wp-json\/wp\/v2\/comments?post=3192"}],"version-history":[{"count":2,"href":"https:\/\/sindicatos.cgtp.pt\/uniao-evora\/wp-json\/wp\/v2\/posts\/3192\/revisions"}],"predecessor-version":[{"id":3201,"href":"https:\/\/sindicatos.cgtp.pt\/uniao-evora\/wp-json\/wp\/v2\/posts\/3192\/revisions\/3201"}],"wp:attachment":[{"href":"https:\/\/sindicatos.cgtp.pt\/uniao-evora\/wp-json\/wp\/v2\/media?parent=3192"}],"wp:term":[{"taxonomy":"category","embeddable":true,"href":"https:\/\/sindicatos.cgtp.pt\/uniao-evora\/wp-json\/wp\/v2\/categories?post=3192"},{"taxonomy":"post_tag","embeddable":true,"href":"https:\/\/sindicatos.cgtp.pt\/uniao-evora\/wp-json\/wp\/v2\/tags?post=3192"}],"curies":[{"name":"wp","href":"https:\/\/api.w.org\/{rel}","templated":true}]}}