{"id":3209,"date":"2019-10-29T08:18:37","date_gmt":"2019-10-29T08:18:37","guid":{"rendered":"http:\/\/sindicatos.cgtp.pt\/uniao-evora\/?p=3209"},"modified":"2019-11-19T20:00:46","modified_gmt":"2019-11-19T20:00:46","slug":"horario-de-trabalho-reduzido-na-novares-em-vendas-novas","status":"publish","type":"post","link":"https:\/\/sindicatos.cgtp.pt\/uniao-evora\/2019\/10\/29\/horario-de-trabalho-reduzido-na-novares-em-vendas-novas\/","title":{"rendered":"Hor\u00e1rio de trabalho reduzido na Novares em Vendas Novas"},"content":{"rendered":"<p><a href=\"https:\/\/sindicatos.cgtp.pt\/uniao-evora\/2016\/09\/26\/arrancou-no-distrito-de-evora-a-semana-de-luta-da-cgtp-in\/sem-nome\/\" rel=\"attachment wp-att-2003\"><img loading=\"lazy\" decoding=\"async\" class=\"alignleft size-medium wp-image-2003\" alt=\"Novaris vendas novas\" src=\"https:\/\/sindicatos.cgtp.pt\/uniao-evora\/wp-content\/blogs.dir\/44\/files\/sites\/44\/2016\/09\/sem-nome-240x134.png\" width=\"240\" height=\"134\" srcset=\"https:\/\/sindicatos.cgtp.pt\/uniao-evora\/wp-content\/blogs.dir\/44\/files\/sites\/44\/2016\/09\/sem-nome-240x134.png 240w, https:\/\/sindicatos.cgtp.pt\/uniao-evora\/wp-content\/blogs.dir\/44\/files\/sites\/44\/2016\/09\/sem-nome-800x449.png 800w, https:\/\/sindicatos.cgtp.pt\/uniao-evora\/wp-content\/blogs.dir\/44\/files\/sites\/44\/2016\/09\/sem-nome.png 1159w\" sizes=\"auto, (max-width: 240px) 100vw, 240px\" \/><\/a>Os trabalhadores da Novares, f\u00e1brica da ind\u00fastria qu\u00edmica localizada no Parque Industrial de Vendas Novas, conquistaram uma redu\u00e7\u00e3o do hor\u00e1rio de trabalho, informou o SITE Sul.<\/p>\n<p>Desde h\u00e1 v\u00e1rios anos que os trabalhadores desta f\u00e1brica, nos per\u00edodos de turno da tarde e noite, vinham a trabalhar semanalmente mais 30 minutos de trabalho extraordin\u00e1rio n\u00e3o pago. Estes dois per\u00edodos aconteciam nos turnos da noite de domingo e da tarde de s\u00e1bado.<!--more--><\/p>\n<p>No dia 9, o SITE Sul apresentou \u00e0 administra\u00e7\u00e3o, em reuni\u00e3o, o Caderno Reivindicativo dos trabalhadores para 2020, do qual fazia parte a exig\u00eancia do fim destes 30 minutos de trabalho n\u00e3o pago.<\/p>\n<p>Esta medida j\u00e1 foi implementada, o que, salienta o sindicato, numa nota \u00e0 comunica\u00e7\u00e3o social, constitui uma redu\u00e7\u00e3o do hor\u00e1rio de trabalho, vindo ao encontro de uma justa reivindica\u00e7\u00e3o dos trabalhadores.<\/p>\n<p>Para al\u00e9m desta reivindica\u00e7\u00e3o, que foi agora poss\u00edvel alcan\u00e7ar devido \u00e0 unidade dos trabalhadores, foram apresentadas outras \u00e0 Novares, tais como:<\/p>\n<p>&#8211; Aumento dos sal\u00e1rios em 90 euros;<\/p>\n<p>&#8211; Sal\u00e1rio m\u00ednimo de admiss\u00e3o na empresa de 850 euros;<\/p>\n<p>&#8211; Regulariza\u00e7\u00e3o das categorias e carreiras profissionais;<\/p>\n<p>&#8211; Cumprimento dos direitos de parentalidade;<\/p>\n<p>&#8211; Pagamento do trabalho extraordin\u00e1rio realizado;<\/p>\n<p>&#8211; Fim dos v\u00ednculos prec\u00e1rios;<\/p>\n<p>&#8211; Medidas de combate \u00e0s doen\u00e7as profissionais.<\/p>\n<p>&#8211; pagamento de trabalho extraordin\u00e1rio<\/p>\n<p>&#8211; efectiva\u00e7\u00e3o da forma\u00e7\u00e3o profissional<\/p>\n<p>&#8211; fim dos v\u00ednculos prec\u00e1rios<\/p>\n<p>&#8211; combate \u00e0s doen\u00e7as profissionais<\/p>\n<p>O SITE Sul assinala que estas propostas s\u00e3o perfeitamente poss\u00edveis de alcan\u00e7ar e, tendo em conta os lucros da Novares, n\u00e3o pode ser alegado que ficaria em causa a estabilidade financeira da empresa.<\/p>\n<p><a href=\"https:\/\/www.fiequimetal.pt\/index.php\/noticias\/1076-horario-de-trabalho-reduzido-na-novares-em-vendas-novas\" target=\"_blank\">FONTE: FIEQUIMETAL<\/a><\/p>\n","protected":false},"excerpt":{"rendered":"<p>Os trabalhadores da Novares, f\u00e1brica da ind\u00fastria qu\u00edmica localizada no Parque Industrial de Vendas Novas, conquistaram uma redu\u00e7\u00e3o do hor\u00e1rio de trabalho, informou o SITE Sul. Desde h\u00e1 v\u00e1rios anos que os trabalhadores desta f\u00e1brica, nos per\u00edodos de turno da tarde e noite, vinham a<\/p>\n","protected":false},"author":41,"featured_media":0,"comment_status":"closed","ping_status":"open","sticky":false,"template":"","format":"standard","meta":{"footnotes":""},"categories":[4,1],"tags":[],"class_list":["post-3209","post","type-post","status-publish","format-standard","hentry","category-accao-sindical","category-noticias"],"_links":{"self":[{"href":"https:\/\/sindicatos.cgtp.pt\/uniao-evora\/wp-json\/wp\/v2\/posts\/3209","targetHints":{"allow":["GET"]}}],"collection":[{"href":"https:\/\/sindicatos.cgtp.pt\/uniao-evora\/wp-json\/wp\/v2\/posts"}],"about":[{"href":"https:\/\/sindicatos.cgtp.pt\/uniao-evora\/wp-json\/wp\/v2\/types\/post"}],"author":[{"embeddable":true,"href":"https:\/\/sindicatos.cgtp.pt\/uniao-evora\/wp-json\/wp\/v2\/users\/41"}],"replies":[{"embeddable":true,"href":"https:\/\/sindicatos.cgtp.pt\/uniao-evora\/wp-json\/wp\/v2\/comments?post=3209"}],"version-history":[{"count":4,"href":"https:\/\/sindicatos.cgtp.pt\/uniao-evora\/wp-json\/wp\/v2\/posts\/3209\/revisions"}],"predecessor-version":[{"id":3226,"href":"https:\/\/sindicatos.cgtp.pt\/uniao-evora\/wp-json\/wp\/v2\/posts\/3209\/revisions\/3226"}],"wp:attachment":[{"href":"https:\/\/sindicatos.cgtp.pt\/uniao-evora\/wp-json\/wp\/v2\/media?parent=3209"}],"wp:term":[{"taxonomy":"category","embeddable":true,"href":"https:\/\/sindicatos.cgtp.pt\/uniao-evora\/wp-json\/wp\/v2\/categories?post=3209"},{"taxonomy":"post_tag","embeddable":true,"href":"https:\/\/sindicatos.cgtp.pt\/uniao-evora\/wp-json\/wp\/v2\/tags?post=3209"}],"curies":[{"name":"wp","href":"https:\/\/api.w.org\/{rel}","templated":true}]}}