{"id":3288,"date":"2020-01-16T10:50:06","date_gmt":"2020-01-16T10:50:06","guid":{"rendered":"http:\/\/sindicatos.cgtp.pt\/uniao-evora\/?p=3288"},"modified":"2020-02-11T21:11:17","modified_gmt":"2020-02-11T21:11:17","slug":"reformados-exigem-aumentos-das-pensoes","status":"publish","type":"post","link":"https:\/\/sindicatos.cgtp.pt\/uniao-evora\/2020\/01\/16\/reformados-exigem-aumentos-das-pensoes\/","title":{"rendered":"Reformados exigem aumentos das pens\u00f5es"},"content":{"rendered":"<p><a href=\"https:\/\/sindicatos.cgtp.pt\/uniao-evora\/2020\/01\/16\/reformados-exigem-aumentos-das-pensoes\/ir-evora\/\" rel=\"attachment wp-att-3289\"><img loading=\"lazy\" decoding=\"async\" class=\"alignleft size-medium wp-image-3289\" alt=\"ir evora\" src=\"https:\/\/sindicatos.cgtp.pt\/uniao-evora\/wp-content\/blogs.dir\/44\/files\/sites\/44\/2020\/01\/ir-evora-240x237.jpg\" width=\"240\" height=\"237\" srcset=\"https:\/\/sindicatos.cgtp.pt\/uniao-evora\/wp-content\/blogs.dir\/44\/files\/sites\/44\/2020\/01\/ir-evora-240x237.jpg 240w, https:\/\/sindicatos.cgtp.pt\/uniao-evora\/wp-content\/blogs.dir\/44\/files\/sites\/44\/2020\/01\/ir-evora-120x120.jpg 120w, https:\/\/sindicatos.cgtp.pt\/uniao-evora\/wp-content\/blogs.dir\/44\/files\/sites\/44\/2020\/01\/ir-evora.jpg 502w\" sizes=\"auto, (max-width: 240px) 100vw, 240px\" \/><\/a>Integrada na A\u00e7\u00e3o Nacional\u00a0 descentralizada que a Inter-Reformados\/CGTP-IN e o MURPI decidiram realizar hoje, dia 15 de Janeiro, \u00c9vora foi um dos 12 distritos onde decorreu essa a\u00e7\u00e3o na forma de Tribuna P\u00fablica e pela exig\u00eancia de aumento de todas as pens\u00f5es, melhoria dos servi\u00e7os p\u00fablicos e condi\u00e7\u00f5es de vida dignas.<!--more--><\/p>\n<p>A divulga\u00e7\u00e3o e organiza\u00e7\u00e3o da Tribuna em \u00c9vora foi feita pela Inter-Reformada\/USDE\u00a0 e pela Federa\u00e7\u00e3o das Associa\u00e7\u00f5es de Reformados, Pensionistas e Idosos do distrito de \u00c9vora. Participaram mais de 80 reformados, pensionistas e idosos provenientes de v\u00e1rios concelhos do distrito, a salientar a presen\u00e7a de trabalhadores da zona dos m\u00e1rmores, com o pedido de reforma j\u00e1 entregue.<!--more--><\/p>\n<p>Al\u00e9m das interven\u00e7\u00f5es da IR\/USDE , da Federa\u00e7\u00e3o de Associa\u00e7\u00f5es de Reformados e do MURPI, houve testemunhos de reformados focando a demora de resposta ao seu pedido de reforma, o n\u00e3o cumprimento da decis\u00e3o do Tribunal Constitucional sobre a\u00a0 corre\u00e7\u00e3o dos erros no c\u00e1lculo de pens\u00f5es pedidas em 2012 e atribu\u00eddas no ano seguinte, dos efeitos penalizadores do factor de sustentabilidade, o risco do exerc\u00edcio de alguma\u00a0 profiss\u00f5es, como o trabalho nas pedreiras, a solidariedade entre reformados e trabalhadores no activo.<\/p>\n<p>Na Resolu\u00e7\u00e3o, aprovada por unanimidade e aclama\u00e7\u00e3o, \u00e9 referido a necessidade de haver altera\u00e7\u00f5es no Or\u00e7amento de Estado para 2020, quando da sua discuss\u00e3o na especialidade, por n\u00e3o se encontrar nele os avan\u00e7os enunciados pelo Governo nem as respostas necess\u00e1rias, justas e urgentes para uma verdadeira autonomia econ\u00f3mica e social dos reformados.<\/p>\n<p>No final desta jornada de luta, uma delega\u00e7\u00e3o que integrou trabalhadores dos m\u00e1rmores, foi recebida pelo Director da Seguran\u00e7a Social tendo-lhe sido entregue a Resolu\u00e7\u00e3o aprovada.&#8221;<\/p>\n","protected":false},"excerpt":{"rendered":"<p>Integrada na A\u00e7\u00e3o Nacional\u00a0 descentralizada que a Inter-Reformados\/CGTP-IN e o MURPI decidiram realizar hoje, dia 15 de Janeiro, \u00c9vora foi um dos 12 distritos onde decorreu essa a\u00e7\u00e3o na forma de Tribuna P\u00fablica e pela exig\u00eancia de aumento de todas as pens\u00f5es, melhoria dos servi\u00e7os<\/p>\n","protected":false},"author":41,"featured_media":0,"comment_status":"closed","ping_status":"open","sticky":false,"template":"","format":"standard","meta":{"footnotes":""},"categories":[4,1],"tags":[],"class_list":["post-3288","post","type-post","status-publish","format-standard","hentry","category-accao-sindical","category-noticias"],"_links":{"self":[{"href":"https:\/\/sindicatos.cgtp.pt\/uniao-evora\/wp-json\/wp\/v2\/posts\/3288","targetHints":{"allow":["GET"]}}],"collection":[{"href":"https:\/\/sindicatos.cgtp.pt\/uniao-evora\/wp-json\/wp\/v2\/posts"}],"about":[{"href":"https:\/\/sindicatos.cgtp.pt\/uniao-evora\/wp-json\/wp\/v2\/types\/post"}],"author":[{"embeddable":true,"href":"https:\/\/sindicatos.cgtp.pt\/uniao-evora\/wp-json\/wp\/v2\/users\/41"}],"replies":[{"embeddable":true,"href":"https:\/\/sindicatos.cgtp.pt\/uniao-evora\/wp-json\/wp\/v2\/comments?post=3288"}],"version-history":[{"count":4,"href":"https:\/\/sindicatos.cgtp.pt\/uniao-evora\/wp-json\/wp\/v2\/posts\/3288\/revisions"}],"predecessor-version":[{"id":3311,"href":"https:\/\/sindicatos.cgtp.pt\/uniao-evora\/wp-json\/wp\/v2\/posts\/3288\/revisions\/3311"}],"wp:attachment":[{"href":"https:\/\/sindicatos.cgtp.pt\/uniao-evora\/wp-json\/wp\/v2\/media?parent=3288"}],"wp:term":[{"taxonomy":"category","embeddable":true,"href":"https:\/\/sindicatos.cgtp.pt\/uniao-evora\/wp-json\/wp\/v2\/categories?post=3288"},{"taxonomy":"post_tag","embeddable":true,"href":"https:\/\/sindicatos.cgtp.pt\/uniao-evora\/wp-json\/wp\/v2\/tags?post=3288"}],"curies":[{"name":"wp","href":"https:\/\/api.w.org\/{rel}","templated":true}]}}