{"id":3333,"date":"2020-03-05T13:59:52","date_gmt":"2020-03-05T13:59:52","guid":{"rendered":"http:\/\/sindicatos.cgtp.pt\/uniao-evora\/?p=3333"},"modified":"2020-03-17T16:47:04","modified_gmt":"2020-03-17T16:47:04","slug":"trabalhadores-exigem-negociacao-e-imposicao","status":"publish","type":"post","link":"https:\/\/sindicatos.cgtp.pt\/uniao-evora\/2020\/03\/05\/trabalhadores-exigem-negociacao-e-imposicao\/","title":{"rendered":"Trabalhadores exigem negocia\u00e7\u00e3o e n\u00e3o imposi\u00e7\u00e3o"},"content":{"rendered":"<div><a href=\"https:\/\/sindicatos.cgtp.pt\/uniao-evora\/2020\/03\/05\/trabalhadores-exigem-negociacao-e-imposicao\/fp\/\" rel=\"attachment wp-att-3341\"><img loading=\"lazy\" decoding=\"async\" class=\"alignleft size-large wp-image-3341\" alt=\"FP\" src=\"https:\/\/sindicatos.cgtp.pt\/uniao-evora\/wp-content\/blogs.dir\/44\/files\/sites\/44\/2020\/03\/FP-800x600.jpg\" width=\"480\" height=\"360\" srcset=\"https:\/\/sindicatos.cgtp.pt\/uniao-evora\/wp-content\/blogs.dir\/44\/files\/sites\/44\/2020\/03\/FP-800x600.jpg 800w, https:\/\/sindicatos.cgtp.pt\/uniao-evora\/wp-content\/blogs.dir\/44\/files\/sites\/44\/2020\/03\/FP-240x180.jpg 240w, https:\/\/sindicatos.cgtp.pt\/uniao-evora\/wp-content\/blogs.dir\/44\/files\/sites\/44\/2020\/03\/FP-160x120.jpg 160w, https:\/\/sindicatos.cgtp.pt\/uniao-evora\/wp-content\/blogs.dir\/44\/files\/sites\/44\/2020\/03\/FP.jpg 1024w\" sizes=\"auto, (max-width: 480px) 100vw, 480px\" \/><\/a>Os trabalhadores do Agrupamento de Escolas de Vendas Novas estiveram reunidos em plen\u00e1rio no dia de ontem, demonstrando assim um grande descontentamento contra a imposi\u00e7\u00e3o do Governo nas negocia\u00e7\u00f5es para o aumento geral dos sal\u00e1rios na Administra\u00e7\u00e3o P\u00fablica que ficaram muito \u00e1 quem do que era reivindicado pela CGTP-IN 90 \u20ac para todos, e identificados com todas as reivindica\u00e7\u00f5es apresentadas pelo seu sindicato de classe o Sindicato dos Trabalhadores em Fun\u00e7\u00f5es P\u00fablicas e Sociais do Sul e Regi\u00f5es Aut\u00f3nomas (STFPSSRA), decidiram engrossar a a\u00e7\u00e3o de luta, aderindo em massa \u00e0 Greve Nacional da Administra\u00e7\u00e3o P\u00fablica convocada pela Frente Comum dos Sindicatos da Administra\u00e7\u00e3o P\u00fablica (FCSAP) agendada para o pr\u00f3ximo dia 20 de mar\u00e7o.<!--more--><\/div>\n<div><span style=\"color: #333333;font-family: Georgia, 'Times New Roman', 'Bitstream Charter', Times, serif\">\u00a0<\/span><\/div>\n<div><span style=\"color: #333333;font-family: Georgia, 'Times New Roman', 'Bitstream Charter', Times, serif\">As principais reivindica\u00e7\u00f5es destes trabalhadores s\u00e3o o aumento geral dos sal\u00e1rios, a abertura de concursos para a coloca\u00e7\u00e3o de mais trabalhadores, a corre\u00e7\u00e3o urgente da Tabela Remunerat\u00f3ria \u00danica, elimina\u00e7\u00e3o de todas as formas de precariedade na Administra\u00e7\u00e3o P\u00fablica, reposi\u00e7\u00e3o das carreiras e dos seus conte\u00fados profissionais espec\u00edficos, revoga\u00e7\u00e3o do SIADAP, atualiza\u00e7\u00e3o do subs\u00eddio de refei\u00e7\u00e3o para 6,50 \u20ac, reposi\u00e7\u00e3o dos 25 dias de f\u00e9rias e majora\u00e7\u00e3o pela idade. A necessidade de obras de melhoramento nas escolas deste agrupamento e nomeadamente a substitui\u00e7\u00e3o dos telhados de amianto.<\/span><\/div>\n<div><span style=\"color: #333333;font-family: Georgia, 'Times New Roman', 'Bitstream Charter', Times, serif\">\u00a0<\/span><\/div>\n<div><span style=\"color: #333333;font-family: Georgia, 'Times New Roman', 'Bitstream Charter', Times, serif\">Com uma grande ades\u00e3o de trabalhadores e com a presen\u00e7a da Secretaria Geral da CGTP-IN Isabel Camarinha, os trabalhadores deslocaram-se at\u00e9 ao port\u00e3o da Escola Secund\u00e1ria de Vendas Novas &#8211; sede do Agrupamento, para trazer a rua o seu descontentamento contra a imposi\u00e7\u00e3o do governo.<\/span><\/div>\n<div><\/div>\n<p>&nbsp;<\/p>\n","protected":false},"excerpt":{"rendered":"<p>Os trabalhadores do Agrupamento de Escolas de Vendas Novas estiveram reunidos em plen\u00e1rio no dia de ontem, demonstrando assim um grande descontentamento contra a imposi\u00e7\u00e3o do Governo nas negocia\u00e7\u00f5es para o aumento geral dos sal\u00e1rios na Administra\u00e7\u00e3o P\u00fablica que ficaram muito \u00e1 quem do que<\/p>\n","protected":false},"author":41,"featured_media":0,"comment_status":"closed","ping_status":"open","sticky":false,"template":"","format":"standard","meta":{"footnotes":""},"categories":[4,1],"tags":[],"class_list":["post-3333","post","type-post","status-publish","format-standard","hentry","category-accao-sindical","category-noticias"],"_links":{"self":[{"href":"https:\/\/sindicatos.cgtp.pt\/uniao-evora\/wp-json\/wp\/v2\/posts\/3333","targetHints":{"allow":["GET"]}}],"collection":[{"href":"https:\/\/sindicatos.cgtp.pt\/uniao-evora\/wp-json\/wp\/v2\/posts"}],"about":[{"href":"https:\/\/sindicatos.cgtp.pt\/uniao-evora\/wp-json\/wp\/v2\/types\/post"}],"author":[{"embeddable":true,"href":"https:\/\/sindicatos.cgtp.pt\/uniao-evora\/wp-json\/wp\/v2\/users\/41"}],"replies":[{"embeddable":true,"href":"https:\/\/sindicatos.cgtp.pt\/uniao-evora\/wp-json\/wp\/v2\/comments?post=3333"}],"version-history":[{"count":5,"href":"https:\/\/sindicatos.cgtp.pt\/uniao-evora\/wp-json\/wp\/v2\/posts\/3333\/revisions"}],"predecessor-version":[{"id":3348,"href":"https:\/\/sindicatos.cgtp.pt\/uniao-evora\/wp-json\/wp\/v2\/posts\/3333\/revisions\/3348"}],"wp:attachment":[{"href":"https:\/\/sindicatos.cgtp.pt\/uniao-evora\/wp-json\/wp\/v2\/media?parent=3333"}],"wp:term":[{"taxonomy":"category","embeddable":true,"href":"https:\/\/sindicatos.cgtp.pt\/uniao-evora\/wp-json\/wp\/v2\/categories?post=3333"},{"taxonomy":"post_tag","embeddable":true,"href":"https:\/\/sindicatos.cgtp.pt\/uniao-evora\/wp-json\/wp\/v2\/tags?post=3333"}],"curies":[{"name":"wp","href":"https:\/\/api.w.org\/{rel}","templated":true}]}}