{"id":3358,"date":"2020-04-29T07:58:07","date_gmt":"2020-04-29T07:58:07","guid":{"rendered":"http:\/\/sindicatos.cgtp.pt\/uniao-evora\/?p=3358"},"modified":"2020-05-28T13:25:40","modified_gmt":"2020-05-28T13:25:40","slug":"1o-de-maio-lutar-defender-a-saude-e-os-direitos-dos-trabalhadores","status":"publish","type":"post","link":"https:\/\/sindicatos.cgtp.pt\/uniao-evora\/2020\/04\/29\/1o-de-maio-lutar-defender-a-saude-e-os-direitos-dos-trabalhadores\/","title":{"rendered":"1\u00ba de Maio &#8211; Lutar! Defender a Sa\u00fade e os Direitos dos trabalhadores"},"content":{"rendered":"<p><a href=\"https:\/\/sindicatos.cgtp.pt\/uniao-evora\/2020\/04\/29\/1o-de-maio-lutar-defender-a-saude-e-os-direitos-dos-trabalhadores\/flag-cgtp\/\" rel=\"attachment wp-att-3359\"><img loading=\"lazy\" decoding=\"async\" class=\"alignleft  wp-image-3359\" alt=\"flag-cgtp\" src=\"https:\/\/sindicatos.cgtp.pt\/uniao-evora\/wp-content\/blogs.dir\/44\/files\/sites\/44\/2020\/04\/flag-cgtp.jpg\" width=\"210\" height=\"132\" srcset=\"https:\/\/sindicatos.cgtp.pt\/uniao-evora\/wp-content\/blogs.dir\/44\/files\/sites\/44\/2020\/04\/flag-cgtp.jpg 500w, https:\/\/sindicatos.cgtp.pt\/uniao-evora\/wp-content\/blogs.dir\/44\/files\/sites\/44\/2020\/04\/flag-cgtp-240x150.jpg 240w\" sizes=\"auto, (max-width: 210px) 100vw, 210px\" \/><\/a>O 1\u00ba de Maio \u00e9 uma data de afirma\u00e7\u00e3o de valores, for\u00e7a e solidariedade de trabalhadores unidos. \u00c9 uma data que nasceu com a luta de trabalhadores contra a explora\u00e7\u00e3o, pelos direitos laborais e sociais, pela dignidade e justi\u00e7a social.<\/p>\n<p>A Uni\u00e3o dos Sindicatos do Distrito de \u00c9vora\/CGTP-IN vai realizar uma iniciativa para assinalar o 1\u00ba de Maio \u2013 Dia Internacional do trabalhador, \u00a0que ter\u00e1 lugar no Templo de Romano em \u00c9vora pelas 15h:00 horas, estaremos na rua, garantindo a prote\u00e7\u00e3o e o distanciamento sanit\u00e1rio de todos quanto participar\u00e3o, afirmando o nosso protesto, as nossas reivindica\u00e7\u00f5es, a nossa luta.<!--more--><\/p>\n<p>No 1\u00ba de Maio, afirmamos os valores de Abril &#8211; Saudamos as lutas de ontem, comemoramos as de agora e as que h\u00e3o-de vir.<\/p>\n<p>Hoje, vivemos um momento complexo em que a prioridade \u00e9 salvaguardar vidas e a sa\u00fade de todos. O Servi\u00e7o Nacional de Sa\u00fade est\u00e1 sob grande press\u00e3o \u2013 a dedica\u00e7\u00e3o e empenho dos profissionais de sa\u00fade t\u00eam sido not\u00e1veis \u2013 mas tamb\u00e9m importantes s\u00e3o os trabalhadores que asseguram o funcionamento de outros servi\u00e7os p\u00fablicos e sociais, bem como aqueles que produzem bens e servi\u00e7os essenciais.<\/p>\n<p>No dia 1 de Maio vamos ainda no per\u00edodo de manh\u00e3 a utiliza\u00e7\u00e3o de carros de som, nos concelhos (Vendas Novas, Montemor-o-Novo, Arraiolos e \u00c9vora) onde estavam j\u00e1 definidas atividades, como forma de simbolizar juntos das popula\u00e7\u00f5es a necessidade de n\u00e3o deixar passar esquecido o dia e contribuindo para a eleva\u00e7\u00e3o da consci\u00eancia para a situa\u00e7\u00e3o atual.<\/p>\n<p>Sem trabalhadores nada funciona!<\/p>\n<p>E num momento em que muitos trabalhadores e suas fam\u00edlias passam por dificuldades &#8211; e os seus direitos s\u00e3o atacados &#8211; desde o emprego, aos sal\u00e1rios &#8211; a CGTP afirma que os trabalhadores n\u00e3o est\u00e3o sozinhos.<\/p>\n","protected":false},"excerpt":{"rendered":"<p>O 1\u00ba de Maio \u00e9 uma data de afirma\u00e7\u00e3o de valores, for\u00e7a e solidariedade de trabalhadores unidos. \u00c9 uma data que nasceu com a luta de trabalhadores contra a explora\u00e7\u00e3o, pelos direitos laborais e sociais, pela dignidade e justi\u00e7a social. A Uni\u00e3o dos Sindicatos do<\/p>\n","protected":false},"author":41,"featured_media":0,"comment_status":"closed","ping_status":"open","sticky":false,"template":"","format":"standard","meta":{"footnotes":""},"categories":[4,1],"tags":[],"class_list":["post-3358","post","type-post","status-publish","format-standard","hentry","category-accao-sindical","category-noticias"],"_links":{"self":[{"href":"https:\/\/sindicatos.cgtp.pt\/uniao-evora\/wp-json\/wp\/v2\/posts\/3358","targetHints":{"allow":["GET"]}}],"collection":[{"href":"https:\/\/sindicatos.cgtp.pt\/uniao-evora\/wp-json\/wp\/v2\/posts"}],"about":[{"href":"https:\/\/sindicatos.cgtp.pt\/uniao-evora\/wp-json\/wp\/v2\/types\/post"}],"author":[{"embeddable":true,"href":"https:\/\/sindicatos.cgtp.pt\/uniao-evora\/wp-json\/wp\/v2\/users\/41"}],"replies":[{"embeddable":true,"href":"https:\/\/sindicatos.cgtp.pt\/uniao-evora\/wp-json\/wp\/v2\/comments?post=3358"}],"version-history":[{"count":3,"href":"https:\/\/sindicatos.cgtp.pt\/uniao-evora\/wp-json\/wp\/v2\/posts\/3358\/revisions"}],"predecessor-version":[{"id":3371,"href":"https:\/\/sindicatos.cgtp.pt\/uniao-evora\/wp-json\/wp\/v2\/posts\/3358\/revisions\/3371"}],"wp:attachment":[{"href":"https:\/\/sindicatos.cgtp.pt\/uniao-evora\/wp-json\/wp\/v2\/media?parent=3358"}],"wp:term":[{"taxonomy":"category","embeddable":true,"href":"https:\/\/sindicatos.cgtp.pt\/uniao-evora\/wp-json\/wp\/v2\/categories?post=3358"},{"taxonomy":"post_tag","embeddable":true,"href":"https:\/\/sindicatos.cgtp.pt\/uniao-evora\/wp-json\/wp\/v2\/tags?post=3358"}],"curies":[{"name":"wp","href":"https:\/\/api.w.org\/{rel}","templated":true}]}}