{"id":3433,"date":"2020-08-11T19:42:25","date_gmt":"2020-08-11T19:42:25","guid":{"rendered":"http:\/\/sindicatos.cgtp.pt\/uniao-evora\/?p=3433"},"modified":"2020-09-08T18:58:59","modified_gmt":"2020-09-08T18:58:59","slug":"tabalhadores-das-autarquias-do-distrito-em-luta","status":"publish","type":"post","link":"https:\/\/sindicatos.cgtp.pt\/uniao-evora\/2020\/08\/11\/tabalhadores-das-autarquias-do-distrito-em-luta\/","title":{"rendered":"Tabalhadores das Autarquias do distrito em luta"},"content":{"rendered":"<p><a href=\"https:\/\/sindicatos.cgtp.pt\/uniao-evora\/2020\/08\/11\/tabalhadores-das-autarquias-do-distrito-em-luta\/fb8da162-ccb2-4d2c-9f04-1de550d7cd7f\/\" rel=\"attachment wp-att-3434\"><img loading=\"lazy\" decoding=\"async\" class=\"alignleft  wp-image-3434\" alt=\"fb8da162-ccb2-4d2c-9f04-1de550d7cd7f\" src=\"https:\/\/sindicatos.cgtp.pt\/uniao-evora\/wp-content\/blogs.dir\/44\/files\/sites\/44\/2020\/08\/fb8da162-ccb2-4d2c-9f04-1de550d7cd7f-800x354.png\" width=\"336\" height=\"148\" srcset=\"https:\/\/sindicatos.cgtp.pt\/uniao-evora\/wp-content\/blogs.dir\/44\/files\/sites\/44\/2020\/08\/fb8da162-ccb2-4d2c-9f04-1de550d7cd7f-800x354.png 800w, https:\/\/sindicatos.cgtp.pt\/uniao-evora\/wp-content\/blogs.dir\/44\/files\/sites\/44\/2020\/08\/fb8da162-ccb2-4d2c-9f04-1de550d7cd7f-240x106.png 240w, https:\/\/sindicatos.cgtp.pt\/uniao-evora\/wp-content\/blogs.dir\/44\/files\/sites\/44\/2020\/08\/fb8da162-ccb2-4d2c-9f04-1de550d7cd7f.png 1240w\" sizes=\"auto, (max-width: 336px) 100vw, 336px\" \/><\/a>A luta pelo suplemento de insalubridade, penosidade e risco \u00e9 justa e vai continuar, o stal vai realizar uma ac\u00e7\u00e3o no <strong>dia 18 de Agosto \u00e0s 10,30h \u2013 junto ao largo Lu\u00eds de Cam\u00f5es em \u00c9vora<\/strong>.<\/p>\n<p>A m\u00e1scara caiu\u2026ps e governo negam direito \u00e0 compensa\u00e7\u00e3o por trabalho em condi\u00e7\u00f5es de penosidade e risco.<!--more--><\/p>\n<p>O stal condena o comportamento hip\u00f3crita do grupo parlamentar do partido socialista e do governo que, mais uma vez, recusaram concretizar o direito a suplementos e outras compensa\u00e7\u00f5es, previsto na lei desde 1989, aos trabalhadores da administra\u00e7\u00e3o p\u00fablica, e em particular aos da administra\u00e7\u00e3o local, pela presta\u00e7\u00e3o de trabalho em condi\u00e7\u00f5es insalubres, penosas e com elevados riscos.<\/p>\n<p>A bancada do PS n\u00e3o s\u00f3 n\u00e3o apresentou qualquer projeto de lei como foi mesmo o \u00fanico partido a votar contra os diplomas em debate, apoiando-se na cumplicidade dos representantes do PSD, CDS e iniciativa liberal que se abstiveram.<\/p>\n<p>Defender a sa\u00fade e os direitos dos trabalhadores! Garantir emprego, sal\u00e1rios, servi\u00e7os p\u00fablicos!<\/p>\n<p>Vamos levar mais longe a luta pelos direitos e garantir a afirma\u00e7\u00e3o dos valores de Abril e da constitui\u00e7\u00e3o da rep\u00fablica portuguesa, rejeitando as injusti\u00e7as e desigualdades, por um Portugal desenvolvido e com futuro.<\/p>\n<p>Vamos \u00e0 luta, para garantir o aumento geral dos sal\u00e1rios de todos os trabalhadores em 90\u20ac\/m\u00eas e a fixa\u00e7\u00e3o do sal\u00e1rio m\u00ednimo nacional nos 850\u20ac a curto prazo contribuindo para o incremento do mercado interno e a dinamiza\u00e7\u00e3o da economia; vamos \u00e0 luta pela revis\u00e3o da tabela remunerat\u00f3ria \u00fanica; vamos \u00e0 luta pelo descongelamento efetivo das promo\u00e7\u00f5es e progress\u00f5es; vamos \u00e0 luta pela reposi\u00e7\u00e3o das carreiras e dos seus conte\u00fados profissionais espec\u00edficos, tal como existiam antes da revoga\u00e7\u00e3o operada pela lei 12-a\/2008, com o \u00edndice 100 correspondente a 850 euros vamos \u00e0 luta pela revoga\u00e7\u00e3o do siadap; vamos \u00e0 luta pela reposi\u00e7\u00e3o dos escal\u00f5es de irs.<\/p>\n","protected":false},"excerpt":{"rendered":"<p>A luta pelo suplemento de insalubridade, penosidade e risco \u00e9 justa e vai continuar, o stal vai realizar uma ac\u00e7\u00e3o no dia 18 de Agosto \u00e0s 10,30h \u2013 junto ao largo Lu\u00eds de Cam\u00f5es em \u00c9vora. A m\u00e1scara caiu\u2026ps e governo negam direito \u00e0 compensa\u00e7\u00e3o<\/p>\n","protected":false},"author":41,"featured_media":0,"comment_status":"closed","ping_status":"open","sticky":false,"template":"","format":"standard","meta":{"footnotes":""},"categories":[4,1],"tags":[],"class_list":["post-3433","post","type-post","status-publish","format-standard","hentry","category-accao-sindical","category-noticias"],"_links":{"self":[{"href":"https:\/\/sindicatos.cgtp.pt\/uniao-evora\/wp-json\/wp\/v2\/posts\/3433","targetHints":{"allow":["GET"]}}],"collection":[{"href":"https:\/\/sindicatos.cgtp.pt\/uniao-evora\/wp-json\/wp\/v2\/posts"}],"about":[{"href":"https:\/\/sindicatos.cgtp.pt\/uniao-evora\/wp-json\/wp\/v2\/types\/post"}],"author":[{"embeddable":true,"href":"https:\/\/sindicatos.cgtp.pt\/uniao-evora\/wp-json\/wp\/v2\/users\/41"}],"replies":[{"embeddable":true,"href":"https:\/\/sindicatos.cgtp.pt\/uniao-evora\/wp-json\/wp\/v2\/comments?post=3433"}],"version-history":[{"count":4,"href":"https:\/\/sindicatos.cgtp.pt\/uniao-evora\/wp-json\/wp\/v2\/posts\/3433\/revisions"}],"predecessor-version":[{"id":3444,"href":"https:\/\/sindicatos.cgtp.pt\/uniao-evora\/wp-json\/wp\/v2\/posts\/3433\/revisions\/3444"}],"wp:attachment":[{"href":"https:\/\/sindicatos.cgtp.pt\/uniao-evora\/wp-json\/wp\/v2\/media?parent=3433"}],"wp:term":[{"taxonomy":"category","embeddable":true,"href":"https:\/\/sindicatos.cgtp.pt\/uniao-evora\/wp-json\/wp\/v2\/categories?post=3433"},{"taxonomy":"post_tag","embeddable":true,"href":"https:\/\/sindicatos.cgtp.pt\/uniao-evora\/wp-json\/wp\/v2\/tags?post=3433"}],"curies":[{"name":"wp","href":"https:\/\/api.w.org\/{rel}","templated":true}]}}