{"id":3568,"date":"2021-02-07T14:05:19","date_gmt":"2021-02-07T14:05:19","guid":{"rendered":"http:\/\/sindicatos.cgtp.pt\/uniao-evora\/?p=3568"},"modified":"2021-02-07T14:28:14","modified_gmt":"2021-02-07T14:28:14","slug":"luta-obriga-novares-a-reintegrar-trabalhadora","status":"publish","type":"post","link":"https:\/\/sindicatos.cgtp.pt\/uniao-evora\/2021\/02\/07\/luta-obriga-novares-a-reintegrar-trabalhadora\/","title":{"rendered":"Luta \u201cobriga\u201d Novares a reintegrar trabalhadora!"},"content":{"rendered":"<p><a href=\"https:\/\/sindicatos.cgtp.pt\/uniao-evora\/2016\/09\/26\/arrancou-no-distrito-de-evora-a-semana-de-luta-da-cgtp-in\/sem-nome\/\" rel=\"attachment wp-att-2003\"><img loading=\"lazy\" decoding=\"async\" class=\"alignleft size-medium wp-image-2003\" alt=\"Novaris vendas novas\" src=\"https:\/\/sindicatos.cgtp.pt\/uniao-evora\/wp-content\/blogs.dir\/44\/files\/sites\/44\/2016\/09\/sem-nome-240x134.png\" width=\"240\" height=\"134\" srcset=\"https:\/\/sindicatos.cgtp.pt\/uniao-evora\/wp-content\/blogs.dir\/44\/files\/sites\/44\/2016\/09\/sem-nome-240x134.png 240w, https:\/\/sindicatos.cgtp.pt\/uniao-evora\/wp-content\/blogs.dir\/44\/files\/sites\/44\/2016\/09\/sem-nome-800x449.png 800w, https:\/\/sindicatos.cgtp.pt\/uniao-evora\/wp-content\/blogs.dir\/44\/files\/sites\/44\/2016\/09\/sem-nome.png 1159w\" sizes=\"auto, (max-width: 240px) 100vw, 240px\" \/><\/a>No Parque Industrial de Vendas Novas a empresa Novares Portugal S. A. foi obrigada a aceitar a integra\u00e7\u00e3o nos seus quadros de uma trabalhadora despedida em Dezembro de 2019.<\/p>\n<p>No dia 1 de Fevereiro regressou ao seu local de trabalho para ser readmitida esta oper\u00e1ria da empresa. Esta trabalhadora foi integrada nos quadros com v\u00ednculo efetivo e reconhecimento da sua antiguidade, depois de em Dezembro de 2019 ter sido despedida injustificadamente.<!--more--><\/p>\n<p>J\u00e1 em 2017 a mesma empresa tinha sido \u201ccondenada\u201d a reintegrar ou indemnizar trabalhador, por utiliza\u00e7\u00e3o abusiva de contratos tempor\u00e1rios sucessivos.<\/p>\n<p>Fica assim provado que neste e em muitos outros casos s\u00e3o nulos os contractos de utiliza\u00e7\u00e3o de trabalho tempor\u00e1rio\/presta\u00e7\u00e3o de servi\u00e7os celebrados entre as partes, devendo estes ser v\u00ednculos de trabalho permanentes.<\/p>\n<p>Esta vit\u00f3ria representa mais um dos muitos exemplos de que a luta vale a pena, e a coragem desta trabalhadora vem provar que t\u00ednhamos raz\u00e3o, demonstrando que \u00e9 poss\u00edvel combater a precariedade e os v\u00ednculos prec\u00e1rios, assim os trabalhadores que se encontram nesta situa\u00e7\u00e3o se unam ao Sindicato para reivindicar os seus direitos.<\/p>\n<p>\u00c9 a luta dos trabalhadores em conjunto com o Sindicato que permite vit\u00f3rias.<\/p>\n<p><b>Defende os teus direitos, Sindicaliza-te!<\/b><\/p>\n","protected":false},"excerpt":{"rendered":"<p>No Parque Industrial de Vendas Novas a empresa Novares Portugal S. A. foi obrigada a aceitar a integra\u00e7\u00e3o nos seus quadros de uma trabalhadora despedida em Dezembro de 2019. No dia 1 de Fevereiro regressou ao seu local de trabalho para ser readmitida esta oper\u00e1ria<\/p>\n","protected":false},"author":41,"featured_media":0,"comment_status":"closed","ping_status":"open","sticky":false,"template":"","format":"standard","meta":{"footnotes":""},"categories":[4,1],"tags":[],"class_list":["post-3568","post","type-post","status-publish","format-standard","hentry","category-accao-sindical","category-noticias"],"_links":{"self":[{"href":"https:\/\/sindicatos.cgtp.pt\/uniao-evora\/wp-json\/wp\/v2\/posts\/3568","targetHints":{"allow":["GET"]}}],"collection":[{"href":"https:\/\/sindicatos.cgtp.pt\/uniao-evora\/wp-json\/wp\/v2\/posts"}],"about":[{"href":"https:\/\/sindicatos.cgtp.pt\/uniao-evora\/wp-json\/wp\/v2\/types\/post"}],"author":[{"embeddable":true,"href":"https:\/\/sindicatos.cgtp.pt\/uniao-evora\/wp-json\/wp\/v2\/users\/41"}],"replies":[{"embeddable":true,"href":"https:\/\/sindicatos.cgtp.pt\/uniao-evora\/wp-json\/wp\/v2\/comments?post=3568"}],"version-history":[{"count":3,"href":"https:\/\/sindicatos.cgtp.pt\/uniao-evora\/wp-json\/wp\/v2\/posts\/3568\/revisions"}],"predecessor-version":[{"id":3580,"href":"https:\/\/sindicatos.cgtp.pt\/uniao-evora\/wp-json\/wp\/v2\/posts\/3568\/revisions\/3580"}],"wp:attachment":[{"href":"https:\/\/sindicatos.cgtp.pt\/uniao-evora\/wp-json\/wp\/v2\/media?parent=3568"}],"wp:term":[{"taxonomy":"category","embeddable":true,"href":"https:\/\/sindicatos.cgtp.pt\/uniao-evora\/wp-json\/wp\/v2\/categories?post=3568"},{"taxonomy":"post_tag","embeddable":true,"href":"https:\/\/sindicatos.cgtp.pt\/uniao-evora\/wp-json\/wp\/v2\/tags?post=3568"}],"curies":[{"name":"wp","href":"https:\/\/api.w.org\/{rel}","templated":true}]}}