{"id":3576,"date":"2021-02-07T14:21:30","date_gmt":"2021-02-07T14:21:30","guid":{"rendered":"http:\/\/sindicatos.cgtp.pt\/uniao-evora\/?p=3576"},"modified":"2021-02-18T11:37:30","modified_gmt":"2021-02-18T11:37:30","slug":"aumentos-salariais-e-passagem-a-vinculos-efectivos-na-gestamp","status":"publish","type":"post","link":"https:\/\/sindicatos.cgtp.pt\/uniao-evora\/2021\/02\/07\/aumentos-salariais-e-passagem-a-vinculos-efectivos-na-gestamp\/","title":{"rendered":"Aumentos salariais e passagem a v\u00ednculos efectivos na GESTAMP"},"content":{"rendered":"<p><a href=\"https:\/\/sindicatos.cgtp.pt\/uniao-evora\/2019\/01\/28\/plenario-na-gestamp-vendas-novas-confirma-avancos\/gestamp-2\/\" rel=\"attachment wp-att-3039\"><img loading=\"lazy\" decoding=\"async\" class=\"alignleft size-medium wp-image-3039\" alt=\"gestamp\" src=\"https:\/\/sindicatos.cgtp.pt\/uniao-evora\/wp-content\/blogs.dir\/44\/files\/sites\/44\/2019\/01\/gestamp-240x133.jpg\" width=\"240\" height=\"133\" srcset=\"https:\/\/sindicatos.cgtp.pt\/uniao-evora\/wp-content\/blogs.dir\/44\/files\/sites\/44\/2019\/01\/gestamp-240x133.jpg 240w, https:\/\/sindicatos.cgtp.pt\/uniao-evora\/wp-content\/blogs.dir\/44\/files\/sites\/44\/2019\/01\/gestamp-800x446.jpg 800w, https:\/\/sindicatos.cgtp.pt\/uniao-evora\/wp-content\/blogs.dir\/44\/files\/sites\/44\/2019\/01\/gestamp.jpg 935w\" sizes=\"auto, (max-width: 240px) 100vw, 240px\" \/><\/a>Os trabalhadores discutiram e aprovaram as suas reivindica\u00e7\u00f5es, construindo um caderno, que a sua organiza\u00e7\u00e3o de classe o seu sindicato as apresentou e negociou com a empresa, esta luta, trouxeram frutos aos trabalhadores da Gestamp em Vendas Novas, os quais viram os seus sal\u00e1rios aumentados<b>.<!--more--><\/b><\/p>\n<p><b>Na Gestamp<\/b>, reflexo das negocia\u00e7\u00f5es e do acordo alcan\u00e7ado, os trabalhadores viram o seu sal\u00e1rio ser aumentado em 45\u20ac. Para al\u00e9m do aumento salarial, foi ainda acordado a atribui\u00e7\u00e3o de mais 5\u20ac que ser\u00e3o revertidos em alimenta\u00e7\u00e3o no refeit\u00f3rio e a passagem de 10 trabalhadores para o quadro de efetivos da empresa.<\/p>\n<p>Organiza-te! Sindicaliza-te! Reivindica os teus direitos!<\/p>\n<p><a href=\"https:\/\/www.sitesul.pt\/2021\/02\/05\/aumentos-salariais-na-ais-gestamp-e-metalonicho\/\">FONTE: SITE-SUL<\/a><\/p>\n","protected":false},"excerpt":{"rendered":"<p>Os trabalhadores discutiram e aprovaram as suas reivindica\u00e7\u00f5es, construindo um caderno, que a sua organiza\u00e7\u00e3o de classe o seu sindicato as apresentou e negociou com a empresa, esta luta, trouxeram frutos aos trabalhadores da Gestamp em Vendas Novas, os quais viram os seus sal\u00e1rios aumentados.<\/p>\n","protected":false},"author":41,"featured_media":0,"comment_status":"closed","ping_status":"open","sticky":false,"template":"","format":"standard","meta":{"footnotes":""},"categories":[4,1],"tags":[],"class_list":["post-3576","post","type-post","status-publish","format-standard","hentry","category-accao-sindical","category-noticias"],"_links":{"self":[{"href":"https:\/\/sindicatos.cgtp.pt\/uniao-evora\/wp-json\/wp\/v2\/posts\/3576","targetHints":{"allow":["GET"]}}],"collection":[{"href":"https:\/\/sindicatos.cgtp.pt\/uniao-evora\/wp-json\/wp\/v2\/posts"}],"about":[{"href":"https:\/\/sindicatos.cgtp.pt\/uniao-evora\/wp-json\/wp\/v2\/types\/post"}],"author":[{"embeddable":true,"href":"https:\/\/sindicatos.cgtp.pt\/uniao-evora\/wp-json\/wp\/v2\/users\/41"}],"replies":[{"embeddable":true,"href":"https:\/\/sindicatos.cgtp.pt\/uniao-evora\/wp-json\/wp\/v2\/comments?post=3576"}],"version-history":[{"count":2,"href":"https:\/\/sindicatos.cgtp.pt\/uniao-evora\/wp-json\/wp\/v2\/posts\/3576\/revisions"}],"predecessor-version":[{"id":3590,"href":"https:\/\/sindicatos.cgtp.pt\/uniao-evora\/wp-json\/wp\/v2\/posts\/3576\/revisions\/3590"}],"wp:attachment":[{"href":"https:\/\/sindicatos.cgtp.pt\/uniao-evora\/wp-json\/wp\/v2\/media?parent=3576"}],"wp:term":[{"taxonomy":"category","embeddable":true,"href":"https:\/\/sindicatos.cgtp.pt\/uniao-evora\/wp-json\/wp\/v2\/categories?post=3576"},{"taxonomy":"post_tag","embeddable":true,"href":"https:\/\/sindicatos.cgtp.pt\/uniao-evora\/wp-json\/wp\/v2\/tags?post=3576"}],"curies":[{"name":"wp","href":"https:\/\/api.w.org\/{rel}","templated":true}]}}