{"id":3605,"date":"2021-02-25T17:41:01","date_gmt":"2021-02-25T17:41:01","guid":{"rendered":"http:\/\/sindicatos.cgtp.pt\/uniao-evora\/?p=3605"},"modified":"2021-03-08T13:54:37","modified_gmt":"2021-03-08T13:54:37","slug":"trabalhadores-da-cm-montemor-o-novo-participam-na-jornada-de-luta-nacional","status":"publish","type":"post","link":"https:\/\/sindicatos.cgtp.pt\/uniao-evora\/2021\/02\/25\/trabalhadores-da-cm-montemor-o-novo-participam-na-jornada-de-luta-nacional\/","title":{"rendered":"Trabalhadores da CM Montemor-o-Novo participam na jornada de Luta Nacional"},"content":{"rendered":"<p>Trabalhadores da CM Montemor-o-Novo participam na jornada de Luta Nacional &#8211; 25 de Fevereiro de 2021, como o lema \u201cSal\u00e1rios, Emprego, Direitos &#8211; Confian\u00e7a, determina\u00e7\u00e3o e luta por um Portugal com futuro!\u201d<!--more--><\/p>\n<p>Reunidos em plen\u00e1rio do STAL, aprovam a mo\u00e7\u00e3o da Jornada de luta, discutem as suas reivindica\u00e7\u00f5es, \u00a0nomeadamente o suplemento de penosidade e insalubridade que foi uma importante conquista, mas fica aqu\u00e9m do que reivindicamos.<\/p>\n<p>Assinaram ainda o abaixo-assinado contra o SIADAP, sistema de avalia\u00e7\u00e3o de desempenho dos trabalhadores da Administra\u00e7\u00e3o P\u00fablica, caracteriza-se pela aplica\u00e7\u00e3o de crit\u00e9rios subjectivos, por complicados procedimentos burocr\u00e1ticos e um escandaloso sistema de quotas, que \u00e9 uma fonte de constantes discrimina\u00e7\u00f5es, arbitrariedades e injusti\u00e7as a que urge p\u00f4r termo. O SIADAP foi criado para impedir a progress\u00e3o e obrigar a que, pelo menos, 75% dos trabalhadores tenha que esperar 10 anos para progredir na Tabela Remunerat\u00f3ria \u00danica.<\/p>\n<p>A revoga\u00e7\u00e3o do SIADAP e a sua substitui\u00e7\u00e3o por um sistema de avalia\u00e7\u00e3o sem quotas, formativo, transparente, equitativo e justo, que valorize realmente os trabalhadores e respeite o direito \u00e0 promo\u00e7\u00e3o e progress\u00e3o, s\u00e3o medidas urgentes.<\/p>\n<p>Uma luta que vai continuar!<\/p>\n","protected":false},"excerpt":{"rendered":"<p>Trabalhadores da CM Montemor-o-Novo participam na jornada de Luta Nacional &#8211; 25 de Fevereiro de 2021, como o lema \u201cSal\u00e1rios, Emprego, Direitos &#8211; Confian\u00e7a, determina\u00e7\u00e3o e luta por um Portugal com futuro!\u201d<\/p>\n","protected":false},"author":41,"featured_media":0,"comment_status":"closed","ping_status":"open","sticky":false,"template":"","format":"standard","meta":{"footnotes":""},"categories":[4,1],"tags":[],"class_list":["post-3605","post","type-post","status-publish","format-standard","hentry","category-accao-sindical","category-noticias"],"_links":{"self":[{"href":"https:\/\/sindicatos.cgtp.pt\/uniao-evora\/wp-json\/wp\/v2\/posts\/3605","targetHints":{"allow":["GET"]}}],"collection":[{"href":"https:\/\/sindicatos.cgtp.pt\/uniao-evora\/wp-json\/wp\/v2\/posts"}],"about":[{"href":"https:\/\/sindicatos.cgtp.pt\/uniao-evora\/wp-json\/wp\/v2\/types\/post"}],"author":[{"embeddable":true,"href":"https:\/\/sindicatos.cgtp.pt\/uniao-evora\/wp-json\/wp\/v2\/users\/41"}],"replies":[{"embeddable":true,"href":"https:\/\/sindicatos.cgtp.pt\/uniao-evora\/wp-json\/wp\/v2\/comments?post=3605"}],"version-history":[{"count":3,"href":"https:\/\/sindicatos.cgtp.pt\/uniao-evora\/wp-json\/wp\/v2\/posts\/3605\/revisions"}],"predecessor-version":[{"id":3625,"href":"https:\/\/sindicatos.cgtp.pt\/uniao-evora\/wp-json\/wp\/v2\/posts\/3605\/revisions\/3625"}],"wp:attachment":[{"href":"https:\/\/sindicatos.cgtp.pt\/uniao-evora\/wp-json\/wp\/v2\/media?parent=3605"}],"wp:term":[{"taxonomy":"category","embeddable":true,"href":"https:\/\/sindicatos.cgtp.pt\/uniao-evora\/wp-json\/wp\/v2\/categories?post=3605"},{"taxonomy":"post_tag","embeddable":true,"href":"https:\/\/sindicatos.cgtp.pt\/uniao-evora\/wp-json\/wp\/v2\/tags?post=3605"}],"curies":[{"name":"wp","href":"https:\/\/api.w.org\/{rel}","templated":true}]}}