{"id":3640,"date":"2021-03-15T11:53:58","date_gmt":"2021-03-15T11:53:58","guid":{"rendered":"http:\/\/sindicatos.cgtp.pt\/uniao-evora\/?p=3640"},"modified":"2021-03-25T20:18:33","modified_gmt":"2021-03-25T20:18:33","slug":"jovens-trabalhadores-vao-sair-a-rua-dia-25-marco","status":"publish","type":"post","link":"https:\/\/sindicatos.cgtp.pt\/uniao-evora\/2021\/03\/15\/jovens-trabalhadores-vao-sair-a-rua-dia-25-marco\/","title":{"rendered":"Jovens trabalhadores v\u00e3o sair \u00e0 rua dia 25 Mar\u00e7o"},"content":{"rendered":"<p><a href=\"https:\/\/sindicatos.cgtp.pt\/uniao-evora\/2021\/03\/15\/jovens-trabalhadores-vao-sair-a-rua-dia-25-marco\/img-20210315-wa0000-2-2\/\" rel=\"attachment wp-att-3639\"><img loading=\"lazy\" decoding=\"async\" class=\"alignleft size-full wp-image-3639\" alt=\"25 Mar\u00e7o Jovens trabalhadores\" src=\"https:\/\/sindicatos.cgtp.pt\/uniao-evora\/wp-content\/blogs.dir\/44\/files\/sites\/44\/2021\/03\/IMG-20210315-WA0000-21-e1615808555747.jpg\" width=\"269\" height=\"386\" \/><\/a>A USDE\/CGTP-IN em conjunto com os sindicatos ir\u00e3o desde hoje estar nos locais de trabalho do sector p\u00fablico e privado a esclarecer e mobilizar os jovens trabalhadores, porque este precisam de emprego est\u00e1vel e com direitos.<\/p>\n<p>Por isso, no pr\u00f3ximo dia 25 de Mar\u00e7o, v\u00e3o sair \u00e0 rua e participar na Manifesta\u00e7\u00e3o em Lisboa pelas 15H, com coragem e confian\u00e7a para lutar pelos direitos de todos, garantindo assim a USDE transporte organizado a todos os que queriam do distrito participar.<!--more--><\/p>\n<p>Foi a precariedade dos contratos a prazo, dos recibos verdes, dos per\u00edodos experimentais e das empresas de trabalho tempor\u00e1rio que abriu caminho a que mais jovens trabalhadores se vissem sem trabalho nesta situa\u00e7\u00e3o t\u00e3o complicada!<\/p>\n<p>A precariedade constitui a antec\u00e2mara do desemprego e \u00e9 respons\u00e1vel pelos baixos sal\u00e1rios, a nega\u00e7\u00e3o da progress\u00e3o na carreira, o enfraquecimento da protec\u00e7\u00e3o social no presente e no futuro, uma maior pobreza laboral, a instabilidade e inseguran\u00e7a na organiza\u00e7\u00e3o da vida pessoal e familiar, a baixa natalidade e os problemas demogr\u00e1ficos com que o pa\u00eds se confronta, as propostas apresentadas pelo Governo n\u00e3o s\u00f3 n\u00e3o resolvem este flagelo que atinge trabalhadores, as fam\u00edlias e a sociedade, como deixam o caminho aberto \u00e0 sua perpetua\u00e7\u00e3o.<\/p>\n<p>Juventude com futuro \u00e9 com melhores sal\u00e1rios e com estabilidade!<\/p>\n","protected":false},"excerpt":{"rendered":"<p>A USDE\/CGTP-IN em conjunto com os sindicatos ir\u00e3o desde hoje estar nos locais de trabalho do sector p\u00fablico e privado a esclarecer e mobilizar os jovens trabalhadores, porque este precisam de emprego est\u00e1vel e com direitos. Por isso, no pr\u00f3ximo dia 25 de Mar\u00e7o, v\u00e3o<\/p>\n","protected":false},"author":41,"featured_media":0,"comment_status":"closed","ping_status":"open","sticky":false,"template":"","format":"standard","meta":{"footnotes":""},"categories":[4,1],"tags":[],"class_list":["post-3640","post","type-post","status-publish","format-standard","hentry","category-accao-sindical","category-noticias"],"_links":{"self":[{"href":"https:\/\/sindicatos.cgtp.pt\/uniao-evora\/wp-json\/wp\/v2\/posts\/3640","targetHints":{"allow":["GET"]}}],"collection":[{"href":"https:\/\/sindicatos.cgtp.pt\/uniao-evora\/wp-json\/wp\/v2\/posts"}],"about":[{"href":"https:\/\/sindicatos.cgtp.pt\/uniao-evora\/wp-json\/wp\/v2\/types\/post"}],"author":[{"embeddable":true,"href":"https:\/\/sindicatos.cgtp.pt\/uniao-evora\/wp-json\/wp\/v2\/users\/41"}],"replies":[{"embeddable":true,"href":"https:\/\/sindicatos.cgtp.pt\/uniao-evora\/wp-json\/wp\/v2\/comments?post=3640"}],"version-history":[{"count":3,"href":"https:\/\/sindicatos.cgtp.pt\/uniao-evora\/wp-json\/wp\/v2\/posts\/3640\/revisions"}],"predecessor-version":[{"id":3649,"href":"https:\/\/sindicatos.cgtp.pt\/uniao-evora\/wp-json\/wp\/v2\/posts\/3640\/revisions\/3649"}],"wp:attachment":[{"href":"https:\/\/sindicatos.cgtp.pt\/uniao-evora\/wp-json\/wp\/v2\/media?parent=3640"}],"wp:term":[{"taxonomy":"category","embeddable":true,"href":"https:\/\/sindicatos.cgtp.pt\/uniao-evora\/wp-json\/wp\/v2\/categories?post=3640"},{"taxonomy":"post_tag","embeddable":true,"href":"https:\/\/sindicatos.cgtp.pt\/uniao-evora\/wp-json\/wp\/v2\/tags?post=3640"}],"curies":[{"name":"wp","href":"https:\/\/api.w.org\/{rel}","templated":true}]}}