{"id":3668,"date":"2021-04-28T17:22:22","date_gmt":"2021-04-28T17:22:22","guid":{"rendered":"http:\/\/sindicatos.cgtp.pt\/uniao-evora\/?p=3668"},"modified":"2021-05-03T18:41:06","modified_gmt":"2021-05-03T18:41:06","slug":"cresce-a-mobilizacao-no-c-a-fidelidade-em-evora-para-o-1-maio","status":"publish","type":"post","link":"https:\/\/sindicatos.cgtp.pt\/uniao-evora\/2021\/04\/28\/cresce-a-mobilizacao-no-c-a-fidelidade-em-evora-para-o-1-maio\/","title":{"rendered":"Cresce a mobiliza\u00e7\u00e3o no C.A Fidelidade em \u00c9vora para o 1 Maio"},"content":{"rendered":"<p><a href=\"https:\/\/sindicatos.cgtp.pt\/uniao-evora\/2021\/04\/28\/cresce-a-mobilizacao-no-c-a-fidelidade-em-evora-para-o-1-maio\/plenario-c-a-fidelidade-evora\/\" rel=\"attachment wp-att-3669\"><img loading=\"lazy\" decoding=\"async\" class=\"alignleft size-large wp-image-3669\" alt=\"Plen\u00e1rio C.A Fidelidade \u00c9vora\" src=\"https:\/\/sindicatos.cgtp.pt\/uniao-evora\/wp-content\/blogs.dir\/44\/files\/sites\/44\/2021\/04\/Plen\u00e1rio-C.A-Fidelidade-\u00c9vora-800x600.jpg\" width=\"480\" height=\"360\" srcset=\"https:\/\/sindicatos.cgtp.pt\/uniao-evora\/wp-content\/blogs.dir\/44\/files\/sites\/44\/2021\/04\/Plen\u00e1rio-C.A-Fidelidade-\u00c9vora-800x600.jpg 800w, https:\/\/sindicatos.cgtp.pt\/uniao-evora\/wp-content\/blogs.dir\/44\/files\/sites\/44\/2021\/04\/Plen\u00e1rio-C.A-Fidelidade-\u00c9vora-240x180.jpg 240w, https:\/\/sindicatos.cgtp.pt\/uniao-evora\/wp-content\/blogs.dir\/44\/files\/sites\/44\/2021\/04\/Plen\u00e1rio-C.A-Fidelidade-\u00c9vora-160x120.jpg 160w, https:\/\/sindicatos.cgtp.pt\/uniao-evora\/wp-content\/blogs.dir\/44\/files\/sites\/44\/2021\/04\/Plen\u00e1rio-C.A-Fidelidade-\u00c9vora.jpg 1024w\" sizes=\"auto, (max-width: 480px) 100vw, 480px\" \/><\/a>O SINPASA convocou plen\u00e1rio para o dia 28 de Abril e os trabalhadores responderam de forma positiva. Estiveram presentes mais de meia centena de trabalhadores do centro de atendimento da Fidelidade em \u00c9vora.<\/p>\n<p>O tribunal da Rela\u00e7\u00e3o do Porto volta a dar raz\u00e3o aos trabalhadores. Os trabalhadores do centro de atendimento da FIDELIDADE em \u00c9vora e em Lisboa podem ser representados pelo SINAPSA e tem todo o direito de decidir as reivindica\u00e7\u00f5es que entendam leg\u00edtimas e necess\u00e1rias.<!--more--><\/p>\n<p>No plen\u00e1rio foi debatido a aplica\u00e7\u00e3o da contrata\u00e7\u00e3o colectiva da actividade seguradora para estes trabalhadores, bem como a participa\u00e7\u00e3o no 1 Maio \u00e0s 14H30 Concentra\u00e7\u00e3o junto do Teatro Garcia Resende em \u00c9vora seguida de manifesta\u00e7\u00e3o at\u00e9 a Pra\u00e7a 1 Maio em \u00c9vora, com o lema \u201cVamos. Lutar pelos direitos combater a explora\u00e7\u00e3o! Emprego | Sal\u00e1rios | 35 horas | Contrata\u00e7\u00e3o Colectiva | Servi\u00e7os P\u00fablicos.\u201d<\/p>\n","protected":false},"excerpt":{"rendered":"<p>O SINPASA convocou plen\u00e1rio para o dia 28 de Abril e os trabalhadores responderam de forma positiva. Estiveram presentes mais de meia centena de trabalhadores do centro de atendimento da Fidelidade em \u00c9vora. O tribunal da Rela\u00e7\u00e3o do Porto volta a dar raz\u00e3o aos trabalhadores.<\/p>\n","protected":false},"author":41,"featured_media":0,"comment_status":"closed","ping_status":"open","sticky":false,"template":"","format":"standard","meta":{"footnotes":""},"categories":[4,1],"tags":[],"class_list":["post-3668","post","type-post","status-publish","format-standard","hentry","category-accao-sindical","category-noticias"],"_links":{"self":[{"href":"https:\/\/sindicatos.cgtp.pt\/uniao-evora\/wp-json\/wp\/v2\/posts\/3668","targetHints":{"allow":["GET"]}}],"collection":[{"href":"https:\/\/sindicatos.cgtp.pt\/uniao-evora\/wp-json\/wp\/v2\/posts"}],"about":[{"href":"https:\/\/sindicatos.cgtp.pt\/uniao-evora\/wp-json\/wp\/v2\/types\/post"}],"author":[{"embeddable":true,"href":"https:\/\/sindicatos.cgtp.pt\/uniao-evora\/wp-json\/wp\/v2\/users\/41"}],"replies":[{"embeddable":true,"href":"https:\/\/sindicatos.cgtp.pt\/uniao-evora\/wp-json\/wp\/v2\/comments?post=3668"}],"version-history":[{"count":7,"href":"https:\/\/sindicatos.cgtp.pt\/uniao-evora\/wp-json\/wp\/v2\/posts\/3668\/revisions"}],"predecessor-version":[{"id":3680,"href":"https:\/\/sindicatos.cgtp.pt\/uniao-evora\/wp-json\/wp\/v2\/posts\/3668\/revisions\/3680"}],"wp:attachment":[{"href":"https:\/\/sindicatos.cgtp.pt\/uniao-evora\/wp-json\/wp\/v2\/media?parent=3668"}],"wp:term":[{"taxonomy":"category","embeddable":true,"href":"https:\/\/sindicatos.cgtp.pt\/uniao-evora\/wp-json\/wp\/v2\/categories?post=3668"},{"taxonomy":"post_tag","embeddable":true,"href":"https:\/\/sindicatos.cgtp.pt\/uniao-evora\/wp-json\/wp\/v2\/tags?post=3668"}],"curies":[{"name":"wp","href":"https:\/\/api.w.org\/{rel}","templated":true}]}}