{"id":3788,"date":"2021-09-15T14:38:18","date_gmt":"2021-09-15T14:38:18","guid":{"rendered":"http:\/\/sindicatos.cgtp.pt\/uniao-evora\/?p=3788"},"modified":"2021-10-08T15:15:59","modified_gmt":"2021-10-08T15:15:59","slug":"servicos-publicos-e-funcoes-sociais-do-estado-num-portugal-de-progresso-e-justica-social","status":"publish","type":"post","link":"https:\/\/sindicatos.cgtp.pt\/uniao-evora\/2021\/09\/15\/servicos-publicos-e-funcoes-sociais-do-estado-num-portugal-de-progresso-e-justica-social\/","title":{"rendered":"Servi\u00e7os P\u00fablicos e Fun\u00e7\u00f5es Sociais do Estado num Portugal de Progresso e Justi\u00e7a Social"},"content":{"rendered":"<p>No \u00e2mbito das comemora\u00e7\u00f5es do 50\u00ba anivers\u00e1rio da CGTP-IN realiza-se, no dia 16 de Setembro, o Debate &#8220;Servi\u00e7os P\u00fablicos e Fun\u00e7\u00f5es Sociais do Estado num Portugal de Progresso e Justi\u00e7a Social\u201d, no no Hotel D. ln\u00eas (Rua Abel Dias Urbano, n\u00b012), em Coimbra.<!--more--><\/p>\n<p>Os 50 anos de hist\u00f3ria da Central de classe dos trabalhadores, s\u00e3o, tamb\u00e9m, parte da hist\u00f3ria do movimento oper\u00e1rio e sindical portugu\u00eas. Historia ligada a import\u00e2ncia dos Servi\u00e7os P\u00fablicos e das Fun\u00e7\u00f5es Sociais do Estado, designadamente, na protec\u00e7\u00e3o social, na sa\u00fade, na educa\u00e7\u00e3o, na cultura, na habita\u00e7\u00e3o e no poder local democr\u00e1tico.<\/p>\n<p>Dar continuidade as comemora\u00e7\u00f5es do cinquenten\u00e1rio, que se iniciaram em 2019, constitui, assim, um momento de enorme import\u00e2ncia para reafirmar as caracter\u00edsticas da CGTP-IN, e, essencialmente, para projectar o presente e o futuro.<\/p>\n<p>O debate ser\u00e1 transmitido em directo atrav\u00e9s do site <a href=\"http:\/\/www.cgtp.pt\">http:\/\/www.cgtp.pt<\/a><\/p>\n","protected":false},"excerpt":{"rendered":"<p>No \u00e2mbito das comemora\u00e7\u00f5es do 50\u00ba anivers\u00e1rio da CGTP-IN realiza-se, no dia 16 de Setembro, o Debate &#8220;Servi\u00e7os P\u00fablicos e Fun\u00e7\u00f5es Sociais do Estado num Portugal de Progresso e Justi\u00e7a Social\u201d, no no Hotel D. ln\u00eas (Rua Abel Dias Urbano, n\u00b012), em Coimbra.<\/p>\n","protected":false},"author":41,"featured_media":0,"comment_status":"closed","ping_status":"open","sticky":false,"template":"","format":"standard","meta":{"footnotes":""},"categories":[4],"tags":[],"class_list":["post-3788","post","type-post","status-publish","format-standard","hentry","category-accao-sindical"],"_links":{"self":[{"href":"https:\/\/sindicatos.cgtp.pt\/uniao-evora\/wp-json\/wp\/v2\/posts\/3788","targetHints":{"allow":["GET"]}}],"collection":[{"href":"https:\/\/sindicatos.cgtp.pt\/uniao-evora\/wp-json\/wp\/v2\/posts"}],"about":[{"href":"https:\/\/sindicatos.cgtp.pt\/uniao-evora\/wp-json\/wp\/v2\/types\/post"}],"author":[{"embeddable":true,"href":"https:\/\/sindicatos.cgtp.pt\/uniao-evora\/wp-json\/wp\/v2\/users\/41"}],"replies":[{"embeddable":true,"href":"https:\/\/sindicatos.cgtp.pt\/uniao-evora\/wp-json\/wp\/v2\/comments?post=3788"}],"version-history":[{"count":4,"href":"https:\/\/sindicatos.cgtp.pt\/uniao-evora\/wp-json\/wp\/v2\/posts\/3788\/revisions"}],"predecessor-version":[{"id":3822,"href":"https:\/\/sindicatos.cgtp.pt\/uniao-evora\/wp-json\/wp\/v2\/posts\/3788\/revisions\/3822"}],"wp:attachment":[{"href":"https:\/\/sindicatos.cgtp.pt\/uniao-evora\/wp-json\/wp\/v2\/media?parent=3788"}],"wp:term":[{"taxonomy":"category","embeddable":true,"href":"https:\/\/sindicatos.cgtp.pt\/uniao-evora\/wp-json\/wp\/v2\/categories?post=3788"},{"taxonomy":"post_tag","embeddable":true,"href":"https:\/\/sindicatos.cgtp.pt\/uniao-evora\/wp-json\/wp\/v2\/tags?post=3788"}],"curies":[{"name":"wp","href":"https:\/\/api.w.org\/{rel}","templated":true}]}}