{"id":3891,"date":"2022-02-25T16:34:25","date_gmt":"2022-02-25T16:34:25","guid":{"rendered":"http:\/\/sindicatos.cgtp.pt\/uniao-evora\/?p=3891"},"modified":"2022-04-05T09:27:39","modified_gmt":"2022-04-05T09:27:39","slug":"pela-paz-exige-se-a-adopcao-de-processos-de-dialogo-com-vista-a-uma-solucao-pacifica-do-conflito","status":"publish","type":"post","link":"https:\/\/sindicatos.cgtp.pt\/uniao-evora\/2022\/02\/25\/pela-paz-exige-se-a-adopcao-de-processos-de-dialogo-com-vista-a-uma-solucao-pacifica-do-conflito\/","title":{"rendered":"Pela Paz, exige-se a adop\u00e7\u00e3o de processos de di\u00e1logo com vista a uma solu\u00e7\u00e3o pac\u00edfica do conflito"},"content":{"rendered":"<p>A CGTP-IN manifesta a sua preocupa\u00e7\u00e3o com a situa\u00e7\u00e3o na Ucr\u00e2nia, com o agravamento da escalada militar na regi\u00e3o e o envolvimento de opera\u00e7\u00f5es militares da R\u00fassia. A guerra, que condenamos, n\u00e3o \u00e9 solu\u00e7\u00e3o para qualquer problema e a situa\u00e7\u00e3o que se vive na regi\u00e3o preocupa naturalmente todos os que defendem a paz e que desde sempre se mobilizaram em sua defesa e da resolu\u00e7\u00e3o pac\u00edfica dos conflitos.<!--more--><\/p>\n<p>A escalada da guerra n\u00e3o pode ser desligada de uma din\u00e2mica mais geral, que se vem intensificando ao longo do tempo, em que a NATO, os EUA e os seus aliados t\u00eam assumido um papel central no acumular de tens\u00f5es militares e na interven\u00e7\u00e3o, bombardeamento e destrui\u00e7\u00e3o de diversos pa\u00edses do globo, em particular no bombardeamento da Jugosl\u00e1via, na interven\u00e7\u00e3o no Iraque (com o argumento hoje j\u00e1 provado falso da presen\u00e7a de armas de destrui\u00e7\u00e3o em massa), na S\u00edria ou na L\u00edbia.<\/p>\n<p>Assim, recusando vis\u00f5es manique\u00edstas e tendo presente a\u00a0 natureza do actual governo russo e o seu papel na defesa dos interesses dos grandes grupos econ\u00f3micos no pa\u00eds, a CGTP-IN refor\u00e7a que os \u00faltimos desenvolvimentos s\u00e3o insepar\u00e1veis dum processo para o qual contribuiu de forma particular a interven\u00e7\u00e3o directa dos EUA, da NATO e dos seus aliados, nomeadamente com o golpe de estado na Ucr\u00e2nia em 2014, protagonizado por for\u00e7as fascistas que, entre muitos e graves crimes, foram respons\u00e1veis por incendiar uma sede dos sindicatos ucranianos e provocar a morte de mais de 40 sindicalistas.<\/p>\n<p>Esta conden\u00e1vel guerra, insere-se num processo que n\u00e3o se desliga de uma permanente aproxima\u00e7\u00e3o das fronteiras russas por parte da NATO e do romper de acordos que desde os anos noventa existiam e que R\u00fassia v\u00ea como amea\u00e7a \u00e0 sua seguran\u00e7a. Tal como n\u00e3o se desligam das profundas divis\u00f5es internas na Ucr\u00e2nia e das permanentes viola\u00e7\u00f5es de cessar-fogo acordado em Minsk que, desde 2015, o governo ucraniano vem promovendo na regi\u00e3o do Donbass.<\/p>\n<p>A solu\u00e7\u00e3o pac\u00edfica do conflito exige uma correcta compreens\u00e3o do mesmo. A CGTP-IN apela ao Governo que desenvolva uma ac\u00e7\u00e3o que pugne pelo cumprimento da Constitui\u00e7\u00e3o da Rep\u00fablica Portuguesa que consagra \u201ca solu\u00e7\u00e3o pac\u00edfica dos conflitos internacionais\u201d e \u201co desarmamento geral, simult\u00e2neo e controlado\u201d.<\/p>\n<p>Imp\u00f5e-se assim que Portugal n\u00e3o se insira numa crescente escalada b\u00e9lica, nomeadamente com o envio de efectivos militares, e contribua, assente nos princ\u00edpios da Carta das Na\u00e7\u00f5es Unidas, para promover a paz e a seguran\u00e7a na Europa, para o desanuviamento da situa\u00e7\u00e3o, com vista \u00e0 solu\u00e7\u00e3o pac\u00edfica do conflito.<\/p>\n<p>A CGTP-IN afirma o seu compromisso de sempre em defesa da Paz, afirmando a preocupa\u00e7\u00e3o sobre a situa\u00e7\u00e3o dos trabalhadores e do povo, os primeiros e principais afectados pela guerra e a destrui\u00e7\u00e3o.<\/p>\n","protected":false},"excerpt":{"rendered":"<p>A CGTP-IN manifesta a sua preocupa\u00e7\u00e3o com a situa\u00e7\u00e3o na Ucr\u00e2nia, com o agravamento da escalada militar na regi\u00e3o e o envolvimento de opera\u00e7\u00f5es militares da R\u00fassia. A guerra, que condenamos, n\u00e3o \u00e9 solu\u00e7\u00e3o para qualquer problema e a situa\u00e7\u00e3o que se vive na regi\u00e3o<\/p>\n","protected":false},"author":41,"featured_media":0,"comment_status":"closed","ping_status":"open","sticky":false,"template":"","format":"standard","meta":{"footnotes":""},"categories":[4,1],"tags":[],"class_list":["post-3891","post","type-post","status-publish","format-standard","hentry","category-accao-sindical","category-noticias"],"_links":{"self":[{"href":"https:\/\/sindicatos.cgtp.pt\/uniao-evora\/wp-json\/wp\/v2\/posts\/3891","targetHints":{"allow":["GET"]}}],"collection":[{"href":"https:\/\/sindicatos.cgtp.pt\/uniao-evora\/wp-json\/wp\/v2\/posts"}],"about":[{"href":"https:\/\/sindicatos.cgtp.pt\/uniao-evora\/wp-json\/wp\/v2\/types\/post"}],"author":[{"embeddable":true,"href":"https:\/\/sindicatos.cgtp.pt\/uniao-evora\/wp-json\/wp\/v2\/users\/41"}],"replies":[{"embeddable":true,"href":"https:\/\/sindicatos.cgtp.pt\/uniao-evora\/wp-json\/wp\/v2\/comments?post=3891"}],"version-history":[{"count":3,"href":"https:\/\/sindicatos.cgtp.pt\/uniao-evora\/wp-json\/wp\/v2\/posts\/3891\/revisions"}],"predecessor-version":[{"id":3905,"href":"https:\/\/sindicatos.cgtp.pt\/uniao-evora\/wp-json\/wp\/v2\/posts\/3891\/revisions\/3905"}],"wp:attachment":[{"href":"https:\/\/sindicatos.cgtp.pt\/uniao-evora\/wp-json\/wp\/v2\/media?parent=3891"}],"wp:term":[{"taxonomy":"category","embeddable":true,"href":"https:\/\/sindicatos.cgtp.pt\/uniao-evora\/wp-json\/wp\/v2\/categories?post=3891"},{"taxonomy":"post_tag","embeddable":true,"href":"https:\/\/sindicatos.cgtp.pt\/uniao-evora\/wp-json\/wp\/v2\/tags?post=3891"}],"curies":[{"name":"wp","href":"https:\/\/api.w.org\/{rel}","templated":true}]}}