{"id":3953,"date":"2022-05-16T08:42:08","date_gmt":"2022-05-16T08:42:08","guid":{"rendered":"http:\/\/sindicatos.cgtp.pt\/uniao-evora\/?p=3953"},"modified":"2022-10-03T16:25:28","modified_gmt":"2022-10-03T16:25:28","slug":"uma-vitoria-historica-8h-de-trabalho-nos-trabalhadores-agricolas","status":"publish","type":"post","link":"https:\/\/sindicatos.cgtp.pt\/uniao-evora\/2022\/05\/16\/uma-vitoria-historica-8h-de-trabalho-nos-trabalhadores-agricolas\/","title":{"rendered":"Uma vit\u00f3ria hist\u00f3rica 8H de trabalho nos trabalhadores agr\u00edcolas"},"content":{"rendered":"<p>Foi a abnegada luta e com muito sacrif\u00edcio que os trabalhadores agr\u00edcolas do Sul e Ribatejo arrancaram ao fascismo um direito extraordin\u00e1rio que foi a jornada de 8 horas de trabalho para estes trabalhadores.<!--more--><\/p>\n<p>Ao celebrar os 60 anos desta conquista estamos a homenagear os seus protagonistas e as suas organiza\u00e7\u00f5es de classe, que dirigiram e com os trabalhadores lutaram e tornaram poss\u00edvel esta vitoria e conquista no plano de um direito colectivo que \u00e9 as 8H de trabalho di\u00e1rio e representou uma extraordin\u00e1ria melhoria das condi\u00e7\u00f5es de vida e de trabalho de centenas de milhar de trabalhadores e suas fam\u00edlias.<\/p>\n<p>Passados 60 anos, vemos as for\u00e7as governantes da pol\u00edtica de direita a amea\u00e7ar o hor\u00e1rio de trabalho das 8 horas, seja com os bancos de horas, com hor\u00e1rios desregulados entre outras formas, o que se coloca aos trabalhadores de hoje \u00e9 o mesmo que h\u00e1 60 anos se organizem nos sindicatos da CGTP-IN, dar combate a todas as tentativas de desregula\u00e7\u00e3o dos hor\u00e1rios e lutar pelas 35H de trabalha semanal sem perda de retribui\u00e7\u00e3o.<\/p>\n<p><a href=\"https:\/\/www.youtube.com\/watch?v=WAfXk1JJeME\">Ver v\u00eddeo <\/a><\/p>\n","protected":false},"excerpt":{"rendered":"<p>Foi a abnegada luta e com muito sacrif\u00edcio que os trabalhadores agr\u00edcolas do Sul e Ribatejo arrancaram ao fascismo um direito extraordin\u00e1rio que foi a jornada de 8 horas de trabalho para estes trabalhadores.<\/p>\n","protected":false},"author":41,"featured_media":0,"comment_status":"closed","ping_status":"open","sticky":false,"template":"","format":"standard","meta":{"footnotes":""},"categories":[4,1],"tags":[],"class_list":["post-3953","post","type-post","status-publish","format-standard","hentry","category-accao-sindical","category-noticias"],"_links":{"self":[{"href":"https:\/\/sindicatos.cgtp.pt\/uniao-evora\/wp-json\/wp\/v2\/posts\/3953","targetHints":{"allow":["GET"]}}],"collection":[{"href":"https:\/\/sindicatos.cgtp.pt\/uniao-evora\/wp-json\/wp\/v2\/posts"}],"about":[{"href":"https:\/\/sindicatos.cgtp.pt\/uniao-evora\/wp-json\/wp\/v2\/types\/post"}],"author":[{"embeddable":true,"href":"https:\/\/sindicatos.cgtp.pt\/uniao-evora\/wp-json\/wp\/v2\/users\/41"}],"replies":[{"embeddable":true,"href":"https:\/\/sindicatos.cgtp.pt\/uniao-evora\/wp-json\/wp\/v2\/comments?post=3953"}],"version-history":[{"count":4,"href":"https:\/\/sindicatos.cgtp.pt\/uniao-evora\/wp-json\/wp\/v2\/posts\/3953\/revisions"}],"predecessor-version":[{"id":4002,"href":"https:\/\/sindicatos.cgtp.pt\/uniao-evora\/wp-json\/wp\/v2\/posts\/3953\/revisions\/4002"}],"wp:attachment":[{"href":"https:\/\/sindicatos.cgtp.pt\/uniao-evora\/wp-json\/wp\/v2\/media?parent=3953"}],"wp:term":[{"taxonomy":"category","embeddable":true,"href":"https:\/\/sindicatos.cgtp.pt\/uniao-evora\/wp-json\/wp\/v2\/categories?post=3953"},{"taxonomy":"post_tag","embeddable":true,"href":"https:\/\/sindicatos.cgtp.pt\/uniao-evora\/wp-json\/wp\/v2\/tags?post=3953"}],"curies":[{"name":"wp","href":"https:\/\/api.w.org\/{rel}","templated":true}]}}