{"id":3996,"date":"2022-10-01T10:08:09","date_gmt":"2022-10-01T10:08:09","guid":{"rendered":"http:\/\/sindicatos.cgtp.pt\/uniao-evora\/?p=3996"},"modified":"2022-11-02T08:52:56","modified_gmt":"2022-11-02T08:52:56","slug":"parabens-cgtp-in-52-anos-com-os-trabalhadores","status":"publish","type":"post","link":"https:\/\/sindicatos.cgtp.pt\/uniao-evora\/2022\/10\/01\/parabens-cgtp-in-52-anos-com-os-trabalhadores\/","title":{"rendered":"Parab\u00e9ns CGTP-IN | 52 anos com os trabalhadores"},"content":{"rendered":"<p><a href=\"https:\/\/sindicatos.cgtp.pt\/uniao-evora\/2022\/10\/01\/parabens-cgtp-in-52-anos-com-os-trabalhadores\/52-anos-web\/\" rel=\"attachment wp-att-3997\"><img loading=\"lazy\" decoding=\"async\" class=\"alignleft  wp-image-3997\" alt=\"52-anos-web\" src=\"https:\/\/sindicatos.cgtp.pt\/uniao-evora\/wp-content\/blogs.dir\/44\/files\/sites\/44\/2022\/10\/52-anos-web.jpg\" width=\"300\" height=\"436\" srcset=\"https:\/\/sindicatos.cgtp.pt\/uniao-evora\/wp-content\/blogs.dir\/44\/files\/sites\/44\/2022\/10\/52-anos-web.jpg 500w, https:\/\/sindicatos.cgtp.pt\/uniao-evora\/wp-content\/blogs.dir\/44\/files\/sites\/44\/2022\/10\/52-anos-web-165x240.jpg 165w\" sizes=\"auto, (max-width: 300px) 100vw, 300px\" \/><\/a>O dia 1 de Outubro de 1970, constituiu um marco de grande significado no percurso do movimento oper\u00e1rio e sindical, for\u00e7a de progresso social e de emancipa\u00e7\u00e3o dos trabalhadores.<\/p>\n<p>Tendo como princ\u00edpios a unidade, a democracia, a independ\u00eancia, a solidariedade e o sindicalismo de classe e de massas, a CGTP \u2013 Intersindical Nacional, constitu\u00edda a partir da base pelos trabalhadores e para os trabalhadores, teve uma interven\u00e7\u00e3o relevante na resist\u00eancia ao fascismo, na luta pela liberdade, a democracia, os direitos laborais e sociais e a instaura\u00e7\u00e3o e consolida\u00e7\u00e3o da Revolu\u00e7\u00e3o de Abril.<\/p>\n<p>Esta \u00e9 a hist\u00f3ria daquilo que somos e de onde vimos &#8211; a hist\u00f3ria que evoca vidas de luta e sobreviv\u00eancia, a hist\u00f3ria que traz \u00e0 mem\u00f3ria sacrif\u00edcios de gente que resistiu \u00e0s amarguras do tempo.<\/p>\n<p>Esta \u00e9 a hist\u00f3ria da for\u00e7a e das ra\u00edzes da coragem que deixaram marca.<\/p>\n<p>Esta \u00e9 a Hist\u00f3ria de luta que n\u00e3o se pode perder.<\/p>\n<p>\u00c9 a hist\u00f3ria da CGTP -INTERSINDICAL NACIONAL na Unidade a For\u00e7a dos trabalhadores!<\/p>\n<p>&nbsp;<\/p>\n","protected":false},"excerpt":{"rendered":"<p>O dia 1 de Outubro de 1970, constituiu um marco de grande significado no percurso do movimento oper\u00e1rio e sindical, for\u00e7a de progresso social e de emancipa\u00e7\u00e3o dos trabalhadores. Tendo como princ\u00edpios a unidade, a democracia, a independ\u00eancia, a solidariedade e o sindicalismo de classe<\/p>\n","protected":false},"author":41,"featured_media":0,"comment_status":"closed","ping_status":"open","sticky":false,"template":"","format":"standard","meta":{"footnotes":""},"categories":[4,1],"tags":[],"class_list":["post-3996","post","type-post","status-publish","format-standard","hentry","category-accao-sindical","category-noticias"],"_links":{"self":[{"href":"https:\/\/sindicatos.cgtp.pt\/uniao-evora\/wp-json\/wp\/v2\/posts\/3996","targetHints":{"allow":["GET"]}}],"collection":[{"href":"https:\/\/sindicatos.cgtp.pt\/uniao-evora\/wp-json\/wp\/v2\/posts"}],"about":[{"href":"https:\/\/sindicatos.cgtp.pt\/uniao-evora\/wp-json\/wp\/v2\/types\/post"}],"author":[{"embeddable":true,"href":"https:\/\/sindicatos.cgtp.pt\/uniao-evora\/wp-json\/wp\/v2\/users\/41"}],"replies":[{"embeddable":true,"href":"https:\/\/sindicatos.cgtp.pt\/uniao-evora\/wp-json\/wp\/v2\/comments?post=3996"}],"version-history":[{"count":3,"href":"https:\/\/sindicatos.cgtp.pt\/uniao-evora\/wp-json\/wp\/v2\/posts\/3996\/revisions"}],"predecessor-version":[{"id":4016,"href":"https:\/\/sindicatos.cgtp.pt\/uniao-evora\/wp-json\/wp\/v2\/posts\/3996\/revisions\/4016"}],"wp:attachment":[{"href":"https:\/\/sindicatos.cgtp.pt\/uniao-evora\/wp-json\/wp\/v2\/media?parent=3996"}],"wp:term":[{"taxonomy":"category","embeddable":true,"href":"https:\/\/sindicatos.cgtp.pt\/uniao-evora\/wp-json\/wp\/v2\/categories?post=3996"},{"taxonomy":"post_tag","embeddable":true,"href":"https:\/\/sindicatos.cgtp.pt\/uniao-evora\/wp-json\/wp\/v2\/tags?post=3996"}],"curies":[{"name":"wp","href":"https:\/\/api.w.org\/{rel}","templated":true}]}}