{"id":4100,"date":"2023-09-29T12:22:40","date_gmt":"2023-09-29T12:22:40","guid":{"rendered":"http:\/\/sindicatos.cgtp.pt\/uniao-evora\/?p=4100"},"modified":"2024-04-22T12:52:00","modified_gmt":"2024-04-22T12:52:00","slug":"aumento-dos-salarios-para-todos-os-trabalhadores","status":"publish","type":"post","link":"https:\/\/sindicatos.cgtp.pt\/uniao-evora\/2023\/09\/29\/aumento-dos-salarios-para-todos-os-trabalhadores\/","title":{"rendered":"Aumento dos sal\u00e1rios para todos os trabalhadores"},"content":{"rendered":"<div><\/div>\n<p>Os aumentos do custo de vida, dos pre\u00e7os dos bens e servi\u00e7os essenciais, da habita\u00e7\u00e3o, estrangulam os j\u00e1 magros or\u00e7amentos familiares. O capital continua a apropriar-se de uma parte consider\u00e1vel da riqueza produzida pelos trabalhadores e a explora\u00e7\u00e3o e as desigualdade s\u00e3o gritantes.<!--more--><\/p>\n<p><a href=\"https:\/\/sindicatos.cgtp.pt\/uniao-evora\/2023\/09\/29\/aumento-dos-salarios-para-todos-os-trabalhadores\/folha1_cgtp-4\/\" rel=\"attachment wp-att-4113\"><img loading=\"lazy\" decoding=\"async\" class=\"alignleft size-large wp-image-4113\" alt=\"folha1_cgtp\" src=\"https:\/\/sindicatos.cgtp.pt\/uniao-evora\/wp-content\/blogs.dir\/44\/files\/sites\/44\/2023\/09\/folha1_cgtp3-569x800.jpg\" width=\"480\" height=\"674\" srcset=\"https:\/\/sindicatos.cgtp.pt\/uniao-evora\/wp-content\/blogs.dir\/44\/files\/sites\/44\/2023\/09\/folha1_cgtp3-569x800.jpg 569w, https:\/\/sindicatos.cgtp.pt\/uniao-evora\/wp-content\/blogs.dir\/44\/files\/sites\/44\/2023\/09\/folha1_cgtp3-170x240.jpg 170w, https:\/\/sindicatos.cgtp.pt\/uniao-evora\/wp-content\/blogs.dir\/44\/files\/sites\/44\/2023\/09\/folha1_cgtp3.jpg 1070w\" sizes=\"auto, (max-width: 480px) 100vw, 480px\" \/><\/a><\/p>\n<p><a href=\"https:\/\/sindicatos.cgtp.pt\/uniao-evora\/2023\/09\/29\/aumento-dos-salarios-para-todos-os-trabalhadores\/folha2_cgtp-3\/\" rel=\"attachment wp-att-4112\"><img loading=\"lazy\" decoding=\"async\" class=\"alignleft size-large wp-image-4112\" alt=\"folha2_cgtp\" src=\"https:\/\/sindicatos.cgtp.pt\/uniao-evora\/wp-content\/blogs.dir\/44\/files\/sites\/44\/2023\/09\/folha2_cgtp2-540x800.jpg\" width=\"480\" height=\"711\" srcset=\"https:\/\/sindicatos.cgtp.pt\/uniao-evora\/wp-content\/blogs.dir\/44\/files\/sites\/44\/2023\/09\/folha2_cgtp2-540x800.jpg 540w, https:\/\/sindicatos.cgtp.pt\/uniao-evora\/wp-content\/blogs.dir\/44\/files\/sites\/44\/2023\/09\/folha2_cgtp2-162x240.jpg 162w, https:\/\/sindicatos.cgtp.pt\/uniao-evora\/wp-content\/blogs.dir\/44\/files\/sites\/44\/2023\/09\/folha2_cgtp2.jpg 1070w\" sizes=\"auto, (max-width: 480px) 100vw, 480px\" \/><\/a><\/p>\n<p><a href=\"https:\/\/sindicatos.cgtp.pt\/uniao-evora\/2023\/09\/29\/aumento-dos-salarios-para-todos-os-trabalhadores\/folha3_cgtp-3\/\" rel=\"attachment wp-att-4111\"><img loading=\"lazy\" decoding=\"async\" class=\"alignleft size-large wp-image-4111\" alt=\"folha3_cgtp\" src=\"https:\/\/sindicatos.cgtp.pt\/uniao-evora\/wp-content\/blogs.dir\/44\/files\/sites\/44\/2023\/09\/folha3_cgtp2-554x800.jpg\" width=\"480\" height=\"693\" srcset=\"https:\/\/sindicatos.cgtp.pt\/uniao-evora\/wp-content\/blogs.dir\/44\/files\/sites\/44\/2023\/09\/folha3_cgtp2-554x800.jpg 554w, https:\/\/sindicatos.cgtp.pt\/uniao-evora\/wp-content\/blogs.dir\/44\/files\/sites\/44\/2023\/09\/folha3_cgtp2-166x240.jpg 166w, https:\/\/sindicatos.cgtp.pt\/uniao-evora\/wp-content\/blogs.dir\/44\/files\/sites\/44\/2023\/09\/folha3_cgtp2.jpg 1070w\" sizes=\"auto, (max-width: 480px) 100vw, 480px\" \/><\/a><\/p>\n<p><a href=\"https:\/\/sindicatos.cgtp.pt\/uniao-evora\/2023\/09\/29\/aumento-dos-salarios-para-todos-os-trabalhadores\/folha4_cgtp-3\/\" rel=\"attachment wp-att-4110\"><img loading=\"lazy\" decoding=\"async\" class=\"alignleft size-large wp-image-4110\" alt=\"folha4_cgtp\" src=\"https:\/\/sindicatos.cgtp.pt\/uniao-evora\/wp-content\/blogs.dir\/44\/files\/sites\/44\/2023\/09\/folha4_cgtp2-535x800.jpg\" width=\"480\" height=\"717\" srcset=\"https:\/\/sindicatos.cgtp.pt\/uniao-evora\/wp-content\/blogs.dir\/44\/files\/sites\/44\/2023\/09\/folha4_cgtp2-535x800.jpg 535w, https:\/\/sindicatos.cgtp.pt\/uniao-evora\/wp-content\/blogs.dir\/44\/files\/sites\/44\/2023\/09\/folha4_cgtp2-160x240.jpg 160w, https:\/\/sindicatos.cgtp.pt\/uniao-evora\/wp-content\/blogs.dir\/44\/files\/sites\/44\/2023\/09\/folha4_cgtp2.jpg 1070w\" sizes=\"auto, (max-width: 480px) 100vw, 480px\" \/><\/a><\/p>\n","protected":false},"excerpt":{"rendered":"<p>Os aumentos do custo de vida, dos pre\u00e7os dos bens e servi\u00e7os essenciais, da habita\u00e7\u00e3o, estrangulam os j\u00e1 magros or\u00e7amentos familiares. O capital continua a apropriar-se de uma parte consider\u00e1vel da riqueza produzida pelos trabalhadores e a explora\u00e7\u00e3o e as desigualdade s\u00e3o gritantes.<\/p>\n","protected":false},"author":41,"featured_media":0,"comment_status":"closed","ping_status":"open","sticky":false,"template":"","format":"standard","meta":{"footnotes":""},"categories":[4,1],"tags":[],"class_list":["post-4100","post","type-post","status-publish","format-standard","hentry","category-accao-sindical","category-noticias"],"_links":{"self":[{"href":"https:\/\/sindicatos.cgtp.pt\/uniao-evora\/wp-json\/wp\/v2\/posts\/4100","targetHints":{"allow":["GET"]}}],"collection":[{"href":"https:\/\/sindicatos.cgtp.pt\/uniao-evora\/wp-json\/wp\/v2\/posts"}],"about":[{"href":"https:\/\/sindicatos.cgtp.pt\/uniao-evora\/wp-json\/wp\/v2\/types\/post"}],"author":[{"embeddable":true,"href":"https:\/\/sindicatos.cgtp.pt\/uniao-evora\/wp-json\/wp\/v2\/users\/41"}],"replies":[{"embeddable":true,"href":"https:\/\/sindicatos.cgtp.pt\/uniao-evora\/wp-json\/wp\/v2\/comments?post=4100"}],"version-history":[{"count":3,"href":"https:\/\/sindicatos.cgtp.pt\/uniao-evora\/wp-json\/wp\/v2\/posts\/4100\/revisions"}],"predecessor-version":[{"id":4143,"href":"https:\/\/sindicatos.cgtp.pt\/uniao-evora\/wp-json\/wp\/v2\/posts\/4100\/revisions\/4143"}],"wp:attachment":[{"href":"https:\/\/sindicatos.cgtp.pt\/uniao-evora\/wp-json\/wp\/v2\/media?parent=4100"}],"wp:term":[{"taxonomy":"category","embeddable":true,"href":"https:\/\/sindicatos.cgtp.pt\/uniao-evora\/wp-json\/wp\/v2\/categories?post=4100"},{"taxonomy":"post_tag","embeddable":true,"href":"https:\/\/sindicatos.cgtp.pt\/uniao-evora\/wp-json\/wp\/v2\/tags?post=4100"}],"curies":[{"name":"wp","href":"https:\/\/api.w.org\/{rel}","templated":true}]}}