{"id":4172,"date":"2024-11-18T10:07:18","date_gmt":"2024-11-18T10:07:18","guid":{"rendered":"http:\/\/sindicatos.cgtp.pt\/uniao-evora\/?p=4172"},"modified":"2025-01-14T21:49:55","modified_gmt":"2025-01-14T21:49:55","slug":"por-um-outro-rumo-para-o-pais-vamos-a-luta","status":"publish","type":"post","link":"https:\/\/sindicatos.cgtp.pt\/uniao-evora\/2024\/11\/18\/por-um-outro-rumo-para-o-pais-vamos-a-luta\/","title":{"rendered":"Por um outro rumo para o pa\u00eds! Vamos \u00e0 luta!"},"content":{"rendered":"<p><a href=\"https:\/\/sindicatos.cgtp.pt\/uniao-evora\/2024\/11\/18\/por-um-outro-rumo-para-o-pais-vamos-a-luta\/cropped-banner29nov2024-jpg\/\" rel=\"attachment wp-att-4171\"><img loading=\"lazy\" decoding=\"async\" class=\"alignleft size-medium wp-image-4171\" src=\"https:\/\/sindicatos.cgtp.pt\/uniao-evora\/wp-content\/blogs.dir\/44\/files\/sites\/44\/2024\/11\/cropped-banner29nov2024-240x85.jpg\" alt=\"cropped-banner29nov2024.jpg\" width=\"240\" height=\"85\" srcset=\"https:\/\/sindicatos.cgtp.pt\/uniao-evora\/wp-content\/blogs.dir\/44\/files\/sites\/44\/2024\/11\/cropped-banner29nov2024-240x85.jpg 240w, https:\/\/sindicatos.cgtp.pt\/uniao-evora\/wp-content\/blogs.dir\/44\/files\/sites\/44\/2024\/11\/cropped-banner29nov2024-800x283.jpg 800w, https:\/\/sindicatos.cgtp.pt\/uniao-evora\/wp-content\/blogs.dir\/44\/files\/sites\/44\/2024\/11\/cropped-banner29nov2024.jpg 900w\" sizes=\"auto, (max-width: 240px) 100vw, 240px\" \/><\/a>Dia 29 de Novembro, \u00e0s 11 horas, por ocasi\u00e3o da vota\u00e7\u00e3o final global do OE para 2025, sob o lema &#8220;Aumentar sal\u00e1rios e pens\u00f5es | Defender os servi\u00e7os p\u00fablicos e fun\u00e7\u00f5es sociais do Estado | Pelo direito \u00e0 sa\u00fade \u2013 educa\u00e7\u00e3o \u2013 habita\u00e7\u00e3o&#8221;.<!--more--><\/p>\n<p>Os trabalhadores sabem que n\u00e3o h\u00e1 inevitabilidades e que \u00e9 urgente mudar de rumo. Exigem uma pol\u00edtica alternativa, que distribua a riqueza de forma justa, que defenda e invista nos servi\u00e7os p\u00fablicos e fun\u00e7\u00f5es sociais do Estado, que respeite e valorize o trabalho e os trabalhadores, reconhecendo essa valoriza\u00e7\u00e3o como fundamental para o desenvolvimento do pa\u00eds. Para que isso aconte\u00e7a, \u00e9 urgente uma pol\u00edtica que coloque os interesses nacionais acima dos interesses do grande capital.<\/p>\n<p>Para que essa altera\u00e7\u00e3o de rumo se concretize, \u00e9 fundamental responder \u00e0s reivindica\u00e7\u00f5es dos trabalhadores, que, na situa\u00e7\u00e3o que o pa\u00eds atravessa, assumem uma enorme import\u00e2ncia:<\/p>\n<ul>\n<li>O aumento dos sal\u00e1rios para todos os trabalhadores em, pelo menos, 15%, n\u00e3o inferior a 150\u20ac, para repor o poder de compra e melhorar as condi\u00e7\u00f5es de vida;<\/li>\n<li>A valoriza\u00e7\u00e3o das carreiras e profiss\u00f5es;<\/li>\n<li>A fixa\u00e7\u00e3o do Sal\u00e1rio M\u00ednimo Nacional nos 1000\u20ac a 1 de Janeiro de 2025;<\/li>\n<li>O aumento significativo do valor das pens\u00f5es de reforma, de modo a repor e melhorar o poder de compra dos reformados e pensionistas;<\/li>\n<li>A reposi\u00e7\u00e3o do direito de contrata\u00e7\u00e3o colectiva, com a revoga\u00e7\u00e3o da caducidade, bem como das restantes normas gravosas da legisla\u00e7\u00e3o laboral, e a reintrodu\u00e7\u00e3o plena do princ\u00edpio do tratamento mais favor\u00e1vel ao trabalhador;<\/li>\n<li>A redu\u00e7\u00e3o do hor\u00e1rio para as 35 horas de trabalho semanal para todos, sem perda de retribui\u00e7\u00e3o;<\/li>\n<li>O fim da desregula\u00e7\u00e3o dos hor\u00e1rios, das adaptabilidades, bancos de horas, hor\u00e1rios concentrados e de todas as tentativas de generalizar a labora\u00e7\u00e3o cont\u00ednua e o trabalho por turnos;<\/li>\n<li>O combate \u00e0 precariedade nos sectores privado e p\u00fablico, garantindo que a um posto de trabalho permanente corresponde um contrato de trabalho efectivo;<\/li>\n<li>O cumprimento dos direitos dos trabalhadores e a garantia de uma interven\u00e7\u00e3o c\u00e9lere e adequada \u00e0 exig\u00eancia do cumprimento e defesa dos direitos dos mesmos pela entidade inspectiva competente (ACT);<\/li>\n<li>O refor\u00e7o do investimento nos servi\u00e7os p\u00fablicos, nas fun\u00e7\u00f5es sociais do Estado, no SNS, na Escola P\u00fablica, na Seguran\u00e7a Social, na Justi\u00e7a, e na valoriza\u00e7\u00e3o dos trabalhadores da administra\u00e7\u00e3o p\u00fablica, o que \u00e9 decisivo para assegurar melhores servi\u00e7os \u00e0s popula\u00e7\u00f5es;<\/li>\n<li>A garantia do direito \u00e0 habita\u00e7\u00e3o.<\/li>\n<\/ul>\n<p>A luta dos trabalhadores \u00e9 determinante para a t\u00e3o necess\u00e1ria mudan\u00e7a de rumo. A concretiza\u00e7\u00e3o da ac\u00e7\u00e3o sindical integrada nos locais de trabalho, com mais interven\u00e7\u00e3o, mais sindicaliza\u00e7\u00e3o, mais delegados sindicais, tem-se confirmado, pelos resultados atingidos, como o caminho a manter e a aprofundar. Este \u00e9 um elemento essencial para o alargamento da nossa interven\u00e7\u00e3o a mais locais de trabalho, como se tem verificado em muitos sectores.<\/p>\n","protected":false},"excerpt":{"rendered":"<p>Dia 29 de Novembro, \u00e0s 11 horas, por ocasi\u00e3o da vota\u00e7\u00e3o final global do OE para 2025, sob o lema &#8220;Aumentar sal\u00e1rios e pens\u00f5es | Defender os servi\u00e7os p\u00fablicos e fun\u00e7\u00f5es sociais do Estado | Pelo direito \u00e0 sa\u00fade \u2013 educa\u00e7\u00e3o \u2013 habita\u00e7\u00e3o&#8221;.<\/p>\n","protected":false},"author":41,"featured_media":0,"comment_status":"closed","ping_status":"open","sticky":false,"template":"","format":"standard","meta":{"footnotes":""},"categories":[4,1],"tags":[],"class_list":["post-4172","post","type-post","status-publish","format-standard","hentry","category-accao-sindical","category-noticias"],"_links":{"self":[{"href":"https:\/\/sindicatos.cgtp.pt\/uniao-evora\/wp-json\/wp\/v2\/posts\/4172","targetHints":{"allow":["GET"]}}],"collection":[{"href":"https:\/\/sindicatos.cgtp.pt\/uniao-evora\/wp-json\/wp\/v2\/posts"}],"about":[{"href":"https:\/\/sindicatos.cgtp.pt\/uniao-evora\/wp-json\/wp\/v2\/types\/post"}],"author":[{"embeddable":true,"href":"https:\/\/sindicatos.cgtp.pt\/uniao-evora\/wp-json\/wp\/v2\/users\/41"}],"replies":[{"embeddable":true,"href":"https:\/\/sindicatos.cgtp.pt\/uniao-evora\/wp-json\/wp\/v2\/comments?post=4172"}],"version-history":[{"count":4,"href":"https:\/\/sindicatos.cgtp.pt\/uniao-evora\/wp-json\/wp\/v2\/posts\/4172\/revisions"}],"predecessor-version":[{"id":4186,"href":"https:\/\/sindicatos.cgtp.pt\/uniao-evora\/wp-json\/wp\/v2\/posts\/4172\/revisions\/4186"}],"wp:attachment":[{"href":"https:\/\/sindicatos.cgtp.pt\/uniao-evora\/wp-json\/wp\/v2\/media?parent=4172"}],"wp:term":[{"taxonomy":"category","embeddable":true,"href":"https:\/\/sindicatos.cgtp.pt\/uniao-evora\/wp-json\/wp\/v2\/categories?post=4172"},{"taxonomy":"post_tag","embeddable":true,"href":"https:\/\/sindicatos.cgtp.pt\/uniao-evora\/wp-json\/wp\/v2\/tags?post=4172"}],"curies":[{"name":"wp","href":"https:\/\/api.w.org\/{rel}","templated":true}]}}