{"id":528,"date":"2014-01-23T21:47:22","date_gmt":"2014-01-23T21:47:22","guid":{"rendered":"http:\/\/sindicatos.cgtp.pt\/uniao-evora\/?p=528"},"modified":"2014-03-21T18:03:38","modified_gmt":"2014-03-21T18:03:38","slug":"1-fevereiro-os-reformados-na-luta-contra-este-roubo-organizado-do-governo-psdcds","status":"publish","type":"post","link":"https:\/\/sindicatos.cgtp.pt\/uniao-evora\/2014\/01\/23\/1-fevereiro-os-reformados-na-luta-contra-este-roubo-organizado-do-governo-psdcds\/","title":{"rendered":"1 FEVEREIRO OS REFORMADOS NA LUTA CONTRA ESTE ROUBO ORGANIZADO DO GOVERNO PSD\/CDS"},"content":{"rendered":"<p><b><a href=\"https:\/\/sindicatos.cgtp.pt\/uniao-evora\/2014\/01\/23\/1-fevereiro-os-reformados-na-luta-contra-este-roubo-organizado-do-governo-psdcds\/pensoes\/\" rel=\"attachment wp-att-529\"><img loading=\"lazy\" decoding=\"async\" class=\"alignleft size-full wp-image-529\" alt=\"pensoes\" src=\"https:\/\/sindicatos.cgtp.pt\/uniao-evora\/wp-content\/blogs.dir\/44\/files\/sites\/44\/2014\/01\/pensoes.jpg\" width=\"300\" height=\"240\" srcset=\"https:\/\/sindicatos.cgtp.pt\/uniao-evora\/wp-content\/blogs.dir\/44\/files\/sites\/44\/2014\/01\/pensoes.jpg 300w, https:\/\/sindicatos.cgtp.pt\/uniao-evora\/wp-content\/blogs.dir\/44\/files\/sites\/44\/2014\/01\/pensoes-240x192.jpg 240w\" sizes=\"auto, (max-width: 300px) 100vw, 300px\" \/><\/a><a href=\"http:\/\/www.cgtp.pt\/social\/94-politicas-sociais\/7006-alteracao-do-regime-das-pensoes-de-velhice-e-invalidez-do-regime-geral-da-seguranca-social\"><span style=\"font-family: Arial\">ALTERA\u00c7\u00c3O DO REGIME GERAL DAS PENS\u00d5ES DE VELHICE E INVALIDEZ<\/span><\/a><\/b><\/p>\n<p><span style=\"font-size: medium\"><span style=\"color: #000000\">Esta altera\u00e7\u00e3o da Lei de Bases tem por objectivo permitir ao Governo alterar o regime das pens\u00f5es de velhice e invalidez da seguran\u00e7a social, nomeadamente aumentar a idade de acesso \u00e0s pens\u00f5es.<\/span><\/span><\/p>\n<p><span style=\"font-size: medium\"><span style=\"color: #000000\">A presente altera\u00e7\u00e3o traduz-se, assim, na introdu\u00e7\u00e3o de cl\u00e1usulas abertas que permitem a livre modifica\u00e7\u00e3o tanto da idade normal de acesso \u00e0 pens\u00e3o, como do ano de refer\u00eancia para o c\u00e1lculo do factor de sustentabilidade, mediante a invoca\u00e7\u00e3o de raz\u00f5es como a evolu\u00e7\u00e3o demogr\u00e1fica ou a sustentabilidade do sistema de seguran\u00e7a social.<!--more--><\/span><\/span><\/p>\n<p><a href=\"http:\/\/www.cgtp.pt\/social\/94-politicas-sociais\/7006-alteracao-do-regime-das-pensoes-de-velhice-e-invalidez-do-regime-geral-da-seguranca-social\">http:\/\/www.cgtp.pt\/social\/94-politicas-sociais\/7006-alteracao-do-regime-das-pensoes-de-velhice-e-invalidez-do-regime-geral-da-seguranca-social<\/a><\/p>\n<p><span style=\"color: #000000\"><b><span style=\"text-decoration: underline\">1 de Fevereiro \u00e0s 11horas no Largo 1\u00ba Maio em \u00c9vora.<\/span><\/b><\/span><\/p>\n<p><span style=\"color: #000000\"><b>Para a USDE\/CGTP-IN<\/b>, o Governo PSD-CDS e a pol\u00edtica que est\u00e1 a ser imposta ao pa\u00eds e no distrito, corporizam um retrocesso econ\u00f3mico e social a que urge p\u00f4r termo, <b><span style=\"font-family: Arial\">apelando a todos os trabalhadores, jovens, desempregados, pensionistas e reformados a participa\u00e7\u00e3o e mobiliza\u00e7\u00e3o para a Jornada de Luta do dia 1 de Fevereiro \u00e0s 11horas no Largo 1\u00ba Maio em \u00c9vora.<\/span><\/b><\/span><\/p>\n<p><span style=\"color: #000000\">S\u00f3 a luta abrir\u00e1 caminho \u00e0 ruptura com a pol\u00edtica de direita, a demiss\u00e3o do governo e a convoca\u00e7\u00e3o de elei\u00e7\u00f5es antecipadas, dando a palavra ao povo, pela afirma\u00e7\u00e3o dos valores de Abril e cumprimento da Constitui\u00e7\u00e3o da Rep\u00fablica e pela Defesa do Regime Democr\u00e1tico por uma pol\u00edtica de esquerda e soberana.<\/span><\/p>\n","protected":false},"excerpt":{"rendered":"<p>ALTERA\u00c7\u00c3O DO REGIME GERAL DAS PENS\u00d5ES DE VELHICE E INVALIDEZ Esta altera\u00e7\u00e3o da Lei de Bases tem por objectivo permitir ao Governo alterar o regime das pens\u00f5es de velhice e invalidez da seguran\u00e7a social, nomeadamente aumentar a idade de acesso \u00e0s pens\u00f5es. A presente altera\u00e7\u00e3o<\/p>\n","protected":false},"author":41,"featured_media":0,"comment_status":"closed","ping_status":"open","sticky":false,"template":"","format":"standard","meta":{"footnotes":""},"categories":[4,1],"tags":[],"class_list":["post-528","post","type-post","status-publish","format-standard","hentry","category-accao-sindical","category-noticias"],"_links":{"self":[{"href":"https:\/\/sindicatos.cgtp.pt\/uniao-evora\/wp-json\/wp\/v2\/posts\/528","targetHints":{"allow":["GET"]}}],"collection":[{"href":"https:\/\/sindicatos.cgtp.pt\/uniao-evora\/wp-json\/wp\/v2\/posts"}],"about":[{"href":"https:\/\/sindicatos.cgtp.pt\/uniao-evora\/wp-json\/wp\/v2\/types\/post"}],"author":[{"embeddable":true,"href":"https:\/\/sindicatos.cgtp.pt\/uniao-evora\/wp-json\/wp\/v2\/users\/41"}],"replies":[{"embeddable":true,"href":"https:\/\/sindicatos.cgtp.pt\/uniao-evora\/wp-json\/wp\/v2\/comments?post=528"}],"version-history":[{"count":4,"href":"https:\/\/sindicatos.cgtp.pt\/uniao-evora\/wp-json\/wp\/v2\/posts\/528\/revisions"}],"predecessor-version":[{"id":721,"href":"https:\/\/sindicatos.cgtp.pt\/uniao-evora\/wp-json\/wp\/v2\/posts\/528\/revisions\/721"}],"wp:attachment":[{"href":"https:\/\/sindicatos.cgtp.pt\/uniao-evora\/wp-json\/wp\/v2\/media?parent=528"}],"wp:term":[{"taxonomy":"category","embeddable":true,"href":"https:\/\/sindicatos.cgtp.pt\/uniao-evora\/wp-json\/wp\/v2\/categories?post=528"},{"taxonomy":"post_tag","embeddable":true,"href":"https:\/\/sindicatos.cgtp.pt\/uniao-evora\/wp-json\/wp\/v2\/tags?post=528"}],"curies":[{"name":"wp","href":"https:\/\/api.w.org\/{rel}","templated":true}]}}