{"id":822,"date":"2014-05-26T18:50:56","date_gmt":"2014-05-26T18:50:56","guid":{"rendered":"http:\/\/sindicatos.cgtp.pt\/uniao-evora\/?p=822"},"modified":"2014-06-03T21:57:02","modified_gmt":"2014-06-03T21:57:02","slug":"30-maio-2014-vamos-a-luta-pelo-aumento-do-smn-e-dos-salarios","status":"publish","type":"post","link":"https:\/\/sindicatos.cgtp.pt\/uniao-evora\/2014\/05\/26\/30-maio-2014-vamos-a-luta-pelo-aumento-do-smn-e-dos-salarios\/","title":{"rendered":"30 MAIO 2014 VAMOS \u00c0 LUTA PELO AUMENTO DO SMN E DOS SAL\u00c1RIOS!"},"content":{"rendered":"<p><a href=\"https:\/\/sindicatos.cgtp.pt\/uniao-evora\/gallery\/grande-jornada-de-luta-do-1o-maio-no-distrito-de-evora\/1-maio-evora-6\/\" rel=\"attachment wp-att-779\"><img loading=\"lazy\" decoding=\"async\" class=\"alignleft size-medium wp-image-779\" alt=\"1 Maio - \u00c9vora  (6)\" src=\"https:\/\/sindicatos.cgtp.pt\/uniao-evora\/wp-content\/blogs.dir\/44\/files\/sites\/44\/2014\/05\/1-Maio-\u00c9vora-6-240x180.jpg\" width=\"240\" height=\"180\" srcset=\"https:\/\/sindicatos.cgtp.pt\/uniao-evora\/wp-content\/blogs.dir\/44\/files\/sites\/44\/2014\/05\/1-Maio-\u00c9vora-6-240x180.jpg 240w, https:\/\/sindicatos.cgtp.pt\/uniao-evora\/wp-content\/blogs.dir\/44\/files\/sites\/44\/2014\/05\/1-Maio-\u00c9vora-6-160x120.jpg 160w, https:\/\/sindicatos.cgtp.pt\/uniao-evora\/wp-content\/blogs.dir\/44\/files\/sites\/44\/2014\/05\/1-Maio-\u00c9vora-6.jpg 640w\" sizes=\"auto, (max-width: 240px) 100vw, 240px\" \/><\/a>A CGTP-IN vai realizar uma semana de luta, de 26 a 31 de Maio, centrada nos locais de trabalho com greves, paralisa\u00e7\u00f5es e manifesta\u00e7\u00f5es, contra os bloqueios \u00e0 contrata\u00e7\u00e3o colectiva; pelo aumento dos sal\u00e1rios e do sal\u00e1rio m\u00ednimo nacional para 515 \u20ac, a partir de 1 de Junho, pela defesa e redu\u00e7\u00e3o dos hor\u00e1rios de trabalho.<\/p>\n<p>A USDE\/CGTP-IN e os seus sindicatos no distrito de \u00c9vora, inserido nesta semana de luta decidiram realizar uma concentra\u00e7\u00e3o em \u00c9vora no dia 30 de Maio 2014, pelas 10H no largo de cam\u00f5es.<\/p>\n<p><a href=\"https:\/\/www.youtube.com\/watch?v=8bf_0vGP9Z8#t=14\">Video 40 anos Sal\u00e1rio M\u00ednimo Nacional<\/a><\/p>\n<p><!--more--><\/p>\n<p>Os trabalhadores da KEMET, realizaram no dia 30 Maio um dia de greve, contra o despedimento colectivo a 127 trabalhadores, realizando uma concentra\u00e7\u00e3o \u00e0s 9h30 junto a A.C.T de \u00c9vora, em defesa dos postos de trabalho.<\/p>\n<p>A USDE\/CGTP-IN exorta os trabalhadores e trabalhadoras a participarem nesta ac\u00e7\u00e3o de luta no dia 30 de Maio, bem como a prosseguir e intensificar a luta pelo aumento dos sal\u00e1rios, como elemento indispens\u00e1vel para melhorar a qualidade de vida dos portugueses, promover uma mais justa reparti\u00e7\u00e3o da riqueza e dinamizar a procura interna e a economia.<\/p>\n<p>Uma luta que vai convergir com duas grandes manifesta\u00e7\u00f5es no dia 14 de Junho, no Porto (Pra\u00e7a do Marqu\u00eas) e, em 21 de Junho, em Lisboa (Cais do Sodr\u00e9), que os trabalhadores e popula\u00e7\u00e3o do distrito participaram, para, a uma s\u00f3 voz, exigirmos resposta aos problemas dos trabalhadores, dos reformados, dos jovens e dos desempregados, dizer basta \u00e0 politica de explora\u00e7\u00e3o e empobrecimento e exigir a demiss\u00e3o do Governo e a realiza\u00e7\u00e3o de elei\u00e7\u00f5es legislativas antecipadas, abrindo caminho \u00e0 constru\u00e7\u00e3o de uma real alternativa de esquerda e soberana.<\/p>\n<p><a href=\"http:\/\/www.cgtp.pt\/images\/images\/2014\/05\/manifesto-junho.pdf\">Manifesto<\/a><\/p>\n<p>&nbsp;<\/p>\n","protected":false},"excerpt":{"rendered":"<p>A CGTP-IN vai realizar uma semana de luta, de 26 a 31 de Maio, centrada nos locais de trabalho com greves, paralisa\u00e7\u00f5es e manifesta\u00e7\u00f5es, contra os bloqueios \u00e0 contrata\u00e7\u00e3o colectiva; pelo aumento dos sal\u00e1rios e do sal\u00e1rio m\u00ednimo nacional para 515 \u20ac, a partir de<\/p>\n","protected":false},"author":41,"featured_media":0,"comment_status":"closed","ping_status":"open","sticky":false,"template":"","format":"standard","meta":{"footnotes":""},"categories":[4],"tags":[],"class_list":["post-822","post","type-post","status-publish","format-standard","hentry","category-accao-sindical"],"_links":{"self":[{"href":"https:\/\/sindicatos.cgtp.pt\/uniao-evora\/wp-json\/wp\/v2\/posts\/822","targetHints":{"allow":["GET"]}}],"collection":[{"href":"https:\/\/sindicatos.cgtp.pt\/uniao-evora\/wp-json\/wp\/v2\/posts"}],"about":[{"href":"https:\/\/sindicatos.cgtp.pt\/uniao-evora\/wp-json\/wp\/v2\/types\/post"}],"author":[{"embeddable":true,"href":"https:\/\/sindicatos.cgtp.pt\/uniao-evora\/wp-json\/wp\/v2\/users\/41"}],"replies":[{"embeddable":true,"href":"https:\/\/sindicatos.cgtp.pt\/uniao-evora\/wp-json\/wp\/v2\/comments?post=822"}],"version-history":[{"count":7,"href":"https:\/\/sindicatos.cgtp.pt\/uniao-evora\/wp-json\/wp\/v2\/posts\/822\/revisions"}],"predecessor-version":[{"id":849,"href":"https:\/\/sindicatos.cgtp.pt\/uniao-evora\/wp-json\/wp\/v2\/posts\/822\/revisions\/849"}],"wp:attachment":[{"href":"https:\/\/sindicatos.cgtp.pt\/uniao-evora\/wp-json\/wp\/v2\/media?parent=822"}],"wp:term":[{"taxonomy":"category","embeddable":true,"href":"https:\/\/sindicatos.cgtp.pt\/uniao-evora\/wp-json\/wp\/v2\/categories?post=822"},{"taxonomy":"post_tag","embeddable":true,"href":"https:\/\/sindicatos.cgtp.pt\/uniao-evora\/wp-json\/wp\/v2\/tags?post=822"}],"curies":[{"name":"wp","href":"https:\/\/api.w.org\/{rel}","templated":true}]}}