{"id":831,"date":"2014-05-29T19:45:33","date_gmt":"2014-05-29T19:45:33","guid":{"rendered":"http:\/\/sindicatos.cgtp.pt\/uniao-evora\/?p=831"},"modified":"2014-06-07T09:58:44","modified_gmt":"2014-06-07T09:58:44","slug":"com-os-trabalhadores-por-abril-trabalho-com-direitos-mudar-de-politica","status":"publish","type":"post","link":"https:\/\/sindicatos.cgtp.pt\/uniao-evora\/2014\/05\/29\/com-os-trabalhadores-por-abril-trabalho-com-direitos-mudar-de-politica\/","title":{"rendered":"Com os trabalhadores por Abril &#8211; Trabalho com direitos &#8211; Mudar de pol\u00edtica!"},"content":{"rendered":"<p>Inserido na prepara\u00e7\u00e3o da VIII Confer\u00eancia Sindical da Uni\u00e3o dos Sindicatos do Distrito de \u00c9vora\/CGTP-IN, que se realiza no dia 20 de Junho no Teatro Garcia de Resende em \u00c9vora, a USDE\/CGTP-IN, vai apresentar um estudo com a caracteriza\u00e7\u00e3o da Situa\u00e7\u00e3o Econ\u00f3mica e Social do concelho de Montemor-o-Novo, que contar\u00e1 com a presen\u00e7a da Catarina Morais do Gabinete de estudo da CGTP-IN e do Joaquim Dion\u00edsio membro da Comiss\u00e3o Executiva do Conselho Nacional da CGTP-Intersindical Nacional.<\/p>\n<p>A USDE\/CGTP-IN v\u00eam por este meio convidar os trabalhadores e popula\u00e7\u00e3o em geral do concelho de Montemor-o-Novo, a estarem presentes nesta iniciativa, no dia 5 de Junho de 2014, pelas 18H na sede da Uni\u00e3o das Freguesias de Nossa Senhora da Vila, Nossa Senhora do Bispo e Silveiras, no Largo Dr. Banha de Andrade em Montemor-o-Novo.<\/p>\n<p><a href=\"https:\/\/www.facebook.com\/431806453572228\/photos\/a.432572293495644.1073741830.431806453572228\/630637457022459\/?type=1&amp;theater\">Convite<\/a><\/p>\n","protected":false},"excerpt":{"rendered":"<p>Inserido na prepara\u00e7\u00e3o da VIII Confer\u00eancia Sindical da Uni\u00e3o dos Sindicatos do Distrito de \u00c9vora\/CGTP-IN, que se realiza no dia 20 de Junho no Teatro Garcia de Resende em \u00c9vora, a USDE\/CGTP-IN, vai apresentar um estudo com a caracteriza\u00e7\u00e3o da Situa\u00e7\u00e3o Econ\u00f3mica e Social do<\/p>\n","protected":false},"author":41,"featured_media":0,"comment_status":"closed","ping_status":"open","sticky":false,"template":"","format":"standard","meta":{"footnotes":""},"categories":[4],"tags":[],"class_list":["post-831","post","type-post","status-publish","format-standard","hentry","category-accao-sindical"],"_links":{"self":[{"href":"https:\/\/sindicatos.cgtp.pt\/uniao-evora\/wp-json\/wp\/v2\/posts\/831","targetHints":{"allow":["GET"]}}],"collection":[{"href":"https:\/\/sindicatos.cgtp.pt\/uniao-evora\/wp-json\/wp\/v2\/posts"}],"about":[{"href":"https:\/\/sindicatos.cgtp.pt\/uniao-evora\/wp-json\/wp\/v2\/types\/post"}],"author":[{"embeddable":true,"href":"https:\/\/sindicatos.cgtp.pt\/uniao-evora\/wp-json\/wp\/v2\/users\/41"}],"replies":[{"embeddable":true,"href":"https:\/\/sindicatos.cgtp.pt\/uniao-evora\/wp-json\/wp\/v2\/comments?post=831"}],"version-history":[{"count":3,"href":"https:\/\/sindicatos.cgtp.pt\/uniao-evora\/wp-json\/wp\/v2\/posts\/831\/revisions"}],"predecessor-version":[{"id":852,"href":"https:\/\/sindicatos.cgtp.pt\/uniao-evora\/wp-json\/wp\/v2\/posts\/831\/revisions\/852"}],"wp:attachment":[{"href":"https:\/\/sindicatos.cgtp.pt\/uniao-evora\/wp-json\/wp\/v2\/media?parent=831"}],"wp:term":[{"taxonomy":"category","embeddable":true,"href":"https:\/\/sindicatos.cgtp.pt\/uniao-evora\/wp-json\/wp\/v2\/categories?post=831"},{"taxonomy":"post_tag","embeddable":true,"href":"https:\/\/sindicatos.cgtp.pt\/uniao-evora\/wp-json\/wp\/v2\/tags?post=831"}],"curies":[{"name":"wp","href":"https:\/\/api.w.org\/{rel}","templated":true}]}}