{"id":844,"date":"2014-06-03T21:53:18","date_gmt":"2014-06-03T21:53:18","guid":{"rendered":"http:\/\/sindicatos.cgtp.pt\/uniao-evora\/?p=844"},"modified":"2014-06-24T16:59:31","modified_gmt":"2014-06-24T16:59:31","slug":"viii-conferencia-sindical-da-usdecgtp-in","status":"publish","type":"post","link":"https:\/\/sindicatos.cgtp.pt\/uniao-evora\/2014\/06\/03\/viii-conferencia-sindical-da-usdecgtp-in\/","title":{"rendered":"VIII Confer\u00eancia Sindical da USDE\/CGTP-IN"},"content":{"rendered":"<p><a href=\"https:\/\/sindicatos.cgtp.pt\/uniao-evora\/2014\/06\/03\/viii-conferencia-sindical-da-usdecgtp-in\/net-cartaz\/\" rel=\"attachment wp-att-845\"><img loading=\"lazy\" decoding=\"async\" class=\" wp-image-845 alignright\" alt=\"VIII Confer\u00eancia Sindical da USDE\/CGTP-IN 20 Junho 2014 \u00c9vora\" src=\"https:\/\/sindicatos.cgtp.pt\/uniao-evora\/wp-content\/blogs.dir\/44\/files\/sites\/44\/2014\/06\/net-cartaz.jpg\" width=\"284\" height=\"415\" srcset=\"https:\/\/sindicatos.cgtp.pt\/uniao-evora\/wp-content\/blogs.dir\/44\/files\/sites\/44\/2014\/06\/net-cartaz.jpg 473w, https:\/\/sindicatos.cgtp.pt\/uniao-evora\/wp-content\/blogs.dir\/44\/files\/sites\/44\/2014\/06\/net-cartaz-164x240.jpg 164w\" sizes=\"auto, (max-width: 284px) 100vw, 284px\" \/><\/a>A Uni\u00e3o dos Sindicatos do Distrito de \u00c9vora, estrutura da CGTP-IN que dirige e coordena a actividade sindical no Distrito de \u00c9vora, vai realizar a sua VIII Confer\u00eancia Sindical no dia 20 de Junho de 2014, no Teatro Garcia de Resende em \u00c9vora.<\/p>\n<p>A Confer\u00eancia Sindical da USDE\/CGTP-IN, realiza-se de 3 em 3 anos e tem como finalidade discutir e aprovar as Orienta\u00e7\u00f5es para actividade sindical e eleger a Direc\u00e7\u00e3o da USDE\/CGTP-IN, para os pr\u00f3ximos tr\u00eas anos.<\/p>\n","protected":false},"excerpt":{"rendered":"<p>A Uni\u00e3o dos Sindicatos do Distrito de \u00c9vora, estrutura da CGTP-IN que dirige e coordena a actividade sindical no Distrito de \u00c9vora, vai realizar a sua VIII Confer\u00eancia Sindical no dia 20 de Junho de 2014, no Teatro Garcia de Resende em \u00c9vora. A Confer\u00eancia<\/p>\n","protected":false},"author":41,"featured_media":0,"comment_status":"closed","ping_status":"open","sticky":false,"template":"","format":"standard","meta":{"footnotes":""},"categories":[4,1],"tags":[],"class_list":["post-844","post","type-post","status-publish","format-standard","hentry","category-accao-sindical","category-noticias"],"_links":{"self":[{"href":"https:\/\/sindicatos.cgtp.pt\/uniao-evora\/wp-json\/wp\/v2\/posts\/844","targetHints":{"allow":["GET"]}}],"collection":[{"href":"https:\/\/sindicatos.cgtp.pt\/uniao-evora\/wp-json\/wp\/v2\/posts"}],"about":[{"href":"https:\/\/sindicatos.cgtp.pt\/uniao-evora\/wp-json\/wp\/v2\/types\/post"}],"author":[{"embeddable":true,"href":"https:\/\/sindicatos.cgtp.pt\/uniao-evora\/wp-json\/wp\/v2\/users\/41"}],"replies":[{"embeddable":true,"href":"https:\/\/sindicatos.cgtp.pt\/uniao-evora\/wp-json\/wp\/v2\/comments?post=844"}],"version-history":[{"count":5,"href":"https:\/\/sindicatos.cgtp.pt\/uniao-evora\/wp-json\/wp\/v2\/posts\/844\/revisions"}],"predecessor-version":[{"id":895,"href":"https:\/\/sindicatos.cgtp.pt\/uniao-evora\/wp-json\/wp\/v2\/posts\/844\/revisions\/895"}],"wp:attachment":[{"href":"https:\/\/sindicatos.cgtp.pt\/uniao-evora\/wp-json\/wp\/v2\/media?parent=844"}],"wp:term":[{"taxonomy":"category","embeddable":true,"href":"https:\/\/sindicatos.cgtp.pt\/uniao-evora\/wp-json\/wp\/v2\/categories?post=844"},{"taxonomy":"post_tag","embeddable":true,"href":"https:\/\/sindicatos.cgtp.pt\/uniao-evora\/wp-json\/wp\/v2\/tags?post=844"}],"curies":[{"name":"wp","href":"https:\/\/api.w.org\/{rel}","templated":true}]}}