{"id":969,"date":"2014-11-14T12:59:06","date_gmt":"2014-11-14T12:59:06","guid":{"rendered":"http:\/\/sindicatos.cgtp.pt\/uniao-evora\/?p=969"},"modified":"2014-11-21T16:05:32","modified_gmt":"2014-11-21T16:05:32","slug":"a-greve-dos-enfermeiros-com-uma-forte-adesao","status":"publish","type":"post","link":"https:\/\/sindicatos.cgtp.pt\/uniao-evora\/2014\/11\/14\/a-greve-dos-enfermeiros-com-uma-forte-adesao\/","title":{"rendered":"A GREVE DOS ENFERMEIROS COM UMA FORTE ADES\u00c3O"},"content":{"rendered":"<p><a href=\"https:\/\/sindicatos.cgtp.pt\/uniao-evora\/2014\/09\/25\/a-greve-dos-enfermeiros-com-uma-forte-adesao\/20140924_105901\/\" rel=\"attachment wp-att-971\"><img loading=\"lazy\" decoding=\"async\" class=\"alignleft size-full wp-image-971\" alt=\"Concentra\u00e7\u00e3o Greve dos Enfermeiros\" src=\"https:\/\/sindicatos.cgtp.pt\/uniao-evora\/wp-content\/blogs.dir\/44\/files\/sites\/44\/2014\/09\/20140924_105901.jpg\" width=\"386\" height=\"303\" \/><\/a>Forte ades\u00e3o \u00e0 Greve do dia 14 Novembro, pelos Enfermeiros e em particular os do distrito de \u00c9vora, que por todos os Centros de Sa\u00fade e no Hospital Espirito Santo de \u00c9vora no 1\u00ba turno das 00h00 at\u00e9 \u00e0s 08h00 de 66% e no 2\u00ba turno das 08h00 \u00e0s 16h00 de 65%.<\/p>\n<p>A resposta destes trabalhadores, demostra uma grande determina\u00e7\u00e3o, coragem e unidade em torno das suas reivindica\u00e7\u00f5es e defesa do SNS.<\/p>\n<p>Fonte: DR Sindicato dos Enfermeiros Portugueses<\/p>\n","protected":false},"excerpt":{"rendered":"<p>Forte ades\u00e3o \u00e0 Greve do dia 14 Novembro, pelos Enfermeiros e em particular os do distrito de \u00c9vora, que por todos os Centros de Sa\u00fade e no Hospital Espirito Santo de \u00c9vora no 1\u00ba turno das 00h00 at\u00e9 \u00e0s 08h00 de 66% e no 2\u00ba<\/p>\n","protected":false},"author":41,"featured_media":0,"comment_status":"closed","ping_status":"open","sticky":false,"template":"","format":"standard","meta":{"footnotes":""},"categories":[4],"tags":[],"class_list":["post-969","post","type-post","status-publish","format-standard","hentry","category-accao-sindical"],"_links":{"self":[{"href":"https:\/\/sindicatos.cgtp.pt\/uniao-evora\/wp-json\/wp\/v2\/posts\/969","targetHints":{"allow":["GET"]}}],"collection":[{"href":"https:\/\/sindicatos.cgtp.pt\/uniao-evora\/wp-json\/wp\/v2\/posts"}],"about":[{"href":"https:\/\/sindicatos.cgtp.pt\/uniao-evora\/wp-json\/wp\/v2\/types\/post"}],"author":[{"embeddable":true,"href":"https:\/\/sindicatos.cgtp.pt\/uniao-evora\/wp-json\/wp\/v2\/users\/41"}],"replies":[{"embeddable":true,"href":"https:\/\/sindicatos.cgtp.pt\/uniao-evora\/wp-json\/wp\/v2\/comments?post=969"}],"version-history":[{"count":12,"href":"https:\/\/sindicatos.cgtp.pt\/uniao-evora\/wp-json\/wp\/v2\/posts\/969\/revisions"}],"predecessor-version":[{"id":1078,"href":"https:\/\/sindicatos.cgtp.pt\/uniao-evora\/wp-json\/wp\/v2\/posts\/969\/revisions\/1078"}],"wp:attachment":[{"href":"https:\/\/sindicatos.cgtp.pt\/uniao-evora\/wp-json\/wp\/v2\/media?parent=969"}],"wp:term":[{"taxonomy":"category","embeddable":true,"href":"https:\/\/sindicatos.cgtp.pt\/uniao-evora\/wp-json\/wp\/v2\/categories?post=969"},{"taxonomy":"post_tag","embeddable":true,"href":"https:\/\/sindicatos.cgtp.pt\/uniao-evora\/wp-json\/wp\/v2\/tags?post=969"}],"curies":[{"name":"wp","href":"https:\/\/api.w.org\/{rel}","templated":true}]}}