{"id":114,"date":"2016-11-24T14:27:29","date_gmt":"2016-11-24T14:27:29","guid":{"rendered":"http:\/\/sindicatos.cgtp.pt\/uniao-norte-alentejano\/?p=114"},"modified":"2016-11-25T17:01:56","modified_gmt":"2016-11-25T17:01:56","slug":"hutchinson-em-luta","status":"publish","type":"post","link":"https:\/\/sindicatos.cgtp.pt\/uniao-norte-alentejano\/2016\/11\/24\/hutchinson-em-luta\/","title":{"rendered":"Hutchinson em luta"},"content":{"rendered":"<div id=\"attachment_115\" style=\"width: 410px\" class=\"wp-caption alignnone\"><a href=\"https:\/\/sindicatos.cgtp.pt\/uniao-norte-alentejano\/wp-content\/blogs.dir\/56\/files\/sites\/56\/2016\/11\/hutchinson.jpg\"><img loading=\"lazy\" decoding=\"async\" aria-describedby=\"caption-attachment-115\" class=\"size-full wp-image-115\" alt=\"distribui\u00e7\u00e3o SITE\/SUL na Hutchinson de Portalegre\" src=\"https:\/\/sindicatos.cgtp.pt\/uniao-norte-alentejano\/wp-content\/blogs.dir\/56\/files\/sites\/56\/2016\/11\/hutchinson.jpg\" width=\"400\" height=\"225\" srcset=\"https:\/\/sindicatos.cgtp.pt\/uniao-norte-alentejano\/wp-content\/blogs.dir\/56\/files\/sites\/56\/2016\/11\/hutchinson.jpg 400w, https:\/\/sindicatos.cgtp.pt\/uniao-norte-alentejano\/wp-content\/blogs.dir\/56\/files\/sites\/56\/2016\/11\/hutchinson-240x135.jpg 240w\" sizes=\"auto, (max-width: 400px) 100vw, 400px\" \/><\/a><p id=\"caption-attachment-115\" class=\"wp-caption-text\">distribui\u00e7\u00e3o SITE\/SUL na Hutchinson de Portalegre<\/p><\/div>\n<p>No \u00e2mbito da campanha nacional contra a Precariedade e pelo emprego com direitos o SITE SUL \u2013 Sindicato dos Trabalhadores das Ind\u00fastrias Transformadoras, Energia e Atividades do Ambiente do Sul, promoveu ontem contactos com os trabalhadores da Hutchinson de Portalegre, \u00e0 porta da empresa, juntamente com a coordenadora da USNA\/cgtp-in.<\/p>\n<p>Foi constatada a exist\u00eancia de uma enorme rotatividade dos trabalhadores e a ocupa\u00e7\u00e3o de postos de trabalho permanentes por trabalhadores colocados pelas alugadoras de m\u00e3o de obra, em particular a ADECO e a Multitempo.<\/p>\n<p>Constatado ainda o facto da Hutchinson de Portalegre usar os (poucos e espa\u00e7ados) aumentos salariais, como instrumento de discrimina\u00e7\u00e3o e chantagem sobre os trabalhadores.<\/p>\n<p>Os aumentos salariais, quando existem, s\u00e3o atribu\u00eddos sem quaisquer crit\u00e9rios que n\u00e3o sejam a \u201ccor dos olhos\u201d ou a subservi\u00eancia.<\/p>\n<p>Ficou clara a necessidade dos trabalhadores se organizarem nos sindicatos que os podem representar &#8211; o SITE \u00e9 o sindicato representativo daquele setor de atividade &#8211; e a disponibilidade dos trabalhadores e trabalhadoras, na maioria jovens, encontrarem as formas de afirmar que, como todos os trabalhadores, N\u00e3o Somos Descart\u00e1veis!<\/p>\n<p>Ficaram agendadas novas reuni\u00f5es e o compromisso dos dirigentes sindicais contactarem a direc\u00e7\u00e3o da empresa para lhes colocarem as preocupa\u00e7\u00f5es dos trabalhadores, garantirem espa\u00e7os dentro da empresa para contactarem os trabalhadores e exigir o cumprimento da legisla\u00e7\u00e3o e da contrata\u00e7\u00e3o coletiva do setor.<\/p>\n","protected":false},"excerpt":{"rendered":"<p>No \u00e2mbito da campanha nacional contra a Precariedade e pelo emprego com direitos o SITE SUL \u2013 Sindicato dos Trabalhadores das Ind\u00fastrias Transformadoras, Energia e Atividades do Ambiente do Sul, promoveu ontem contactos com os trabalhadores da Hutchinson de Portalegre, \u00e0 porta da empresa, juntamente<\/p>\n","protected":false},"author":58,"featured_media":0,"comment_status":"closed","ping_status":"open","sticky":false,"template":"","format":"standard","meta":{"footnotes":""},"categories":[26],"tags":[],"class_list":["post-114","post","type-post","status-publish","format-standard","hentry","category-distrito"],"_links":{"self":[{"href":"https:\/\/sindicatos.cgtp.pt\/uniao-norte-alentejano\/wp-json\/wp\/v2\/posts\/114","targetHints":{"allow":["GET"]}}],"collection":[{"href":"https:\/\/sindicatos.cgtp.pt\/uniao-norte-alentejano\/wp-json\/wp\/v2\/posts"}],"about":[{"href":"https:\/\/sindicatos.cgtp.pt\/uniao-norte-alentejano\/wp-json\/wp\/v2\/types\/post"}],"author":[{"embeddable":true,"href":"https:\/\/sindicatos.cgtp.pt\/uniao-norte-alentejano\/wp-json\/wp\/v2\/users\/58"}],"replies":[{"embeddable":true,"href":"https:\/\/sindicatos.cgtp.pt\/uniao-norte-alentejano\/wp-json\/wp\/v2\/comments?post=114"}],"version-history":[{"count":19,"href":"https:\/\/sindicatos.cgtp.pt\/uniao-norte-alentejano\/wp-json\/wp\/v2\/posts\/114\/revisions"}],"predecessor-version":[{"id":170,"href":"https:\/\/sindicatos.cgtp.pt\/uniao-norte-alentejano\/wp-json\/wp\/v2\/posts\/114\/revisions\/170"}],"wp:attachment":[{"href":"https:\/\/sindicatos.cgtp.pt\/uniao-norte-alentejano\/wp-json\/wp\/v2\/media?parent=114"}],"wp:term":[{"taxonomy":"category","embeddable":true,"href":"https:\/\/sindicatos.cgtp.pt\/uniao-norte-alentejano\/wp-json\/wp\/v2\/categories?post=114"},{"taxonomy":"post_tag","embeddable":true,"href":"https:\/\/sindicatos.cgtp.pt\/uniao-norte-alentejano\/wp-json\/wp\/v2\/tags?post=114"}],"curies":[{"name":"wp","href":"https:\/\/api.w.org\/{rel}","templated":true}]}}