{"id":1150,"date":"2020-06-25T15:33:57","date_gmt":"2020-06-25T15:33:57","guid":{"rendered":"http:\/\/sindicatos.cgtp.pt\/uniao-norte-alentejano\/?p=1150"},"modified":"2020-06-25T15:33:57","modified_gmt":"2020-06-25T15:33:57","slug":"defender-a-saude-e-os-direitos-dos-trabalhadores-do-distrito-de-portalegre","status":"publish","type":"post","link":"https:\/\/sindicatos.cgtp.pt\/uniao-norte-alentejano\/2020\/06\/25\/defender-a-saude-e-os-direitos-dos-trabalhadores-do-distrito-de-portalegre\/","title":{"rendered":"Defender a sa\u00fade e os direitos dos trabalhadores do distrito de Portalegre"},"content":{"rendered":"<p><a href=\"https:\/\/sindicatos.cgtp.pt\/uniao-norte-alentejano\/wp-content\/blogs.dir\/56\/files\/sites\/56\/2020\/06\/CARTAZ_SINDICALIZACAO-min.jpg\"><img loading=\"lazy\" decoding=\"async\" class=\"alignleft  wp-image-1151\" alt=\"CARTAZ_SINDICALIZACAO-min\" src=\"https:\/\/sindicatos.cgtp.pt\/uniao-norte-alentejano\/wp-content\/blogs.dir\/56\/files\/sites\/56\/2020\/06\/CARTAZ_SINDICALIZACAO-min.jpg\" width=\"709\" height=\"1030\" srcset=\"https:\/\/sindicatos.cgtp.pt\/uniao-norte-alentejano\/wp-content\/blogs.dir\/56\/files\/sites\/56\/2020\/06\/CARTAZ_SINDICALIZACAO-min.jpg 1181w, https:\/\/sindicatos.cgtp.pt\/uniao-norte-alentejano\/wp-content\/blogs.dir\/56\/files\/sites\/56\/2020\/06\/CARTAZ_SINDICALIZACAO-min-165x240.jpg 165w, https:\/\/sindicatos.cgtp.pt\/uniao-norte-alentejano\/wp-content\/blogs.dir\/56\/files\/sites\/56\/2020\/06\/CARTAZ_SINDICALIZACAO-min-550x800.jpg 550w\" sizes=\"auto, (max-width: 709px) 100vw, 709px\" \/><\/a>Movimento Sindical Unit\u00e1rio desenvolve jornada de contacto com centenas de trabalhadores do distrito de Portalegre ao longo de 3 semanas.<br \/>\nDurante esta semana, de 22 a 26 de Junho, esta ac\u00e7\u00e3o est\u00e1 enquadrada na semana nacional de luta convocada pela CGTP-IN.<br \/>\nNesta iniciativa, que culminar\u00e1 com uma tribuna p\u00fablica no final da tarde do dia 3 de Julho na zona industrial de Portalegre, os trabalhadores de dezenas de locais de trabalho do Alto Alentejo recebem informa\u00e7\u00e3o relativamente aos seus direitos e de como exerce-los e ainda acerca de processos de negocia\u00e7\u00e3o colectiva espec\u00edficos nos seus sectores.<\/p>\n","protected":false},"excerpt":{"rendered":"<p>Movimento Sindical Unit\u00e1rio desenvolve jornada de contacto com centenas de trabalhadores do distrito de Portalegre ao longo de 3 semanas. Durante esta semana, de 22 a 26 de Junho, esta ac\u00e7\u00e3o est\u00e1 enquadrada na semana nacional de luta convocada pela CGTP-IN. Nesta iniciativa, que culminar\u00e1<\/p>\n","protected":false},"author":58,"featured_media":0,"comment_status":"closed","ping_status":"open","sticky":false,"template":"","format":"standard","meta":{"footnotes":""},"categories":[25,26,1],"tags":[],"class_list":["post-1150","post","type-post","status-publish","format-standard","hentry","category-actualidade-e-luta","category-distrito","category-noticias"],"_links":{"self":[{"href":"https:\/\/sindicatos.cgtp.pt\/uniao-norte-alentejano\/wp-json\/wp\/v2\/posts\/1150","targetHints":{"allow":["GET"]}}],"collection":[{"href":"https:\/\/sindicatos.cgtp.pt\/uniao-norte-alentejano\/wp-json\/wp\/v2\/posts"}],"about":[{"href":"https:\/\/sindicatos.cgtp.pt\/uniao-norte-alentejano\/wp-json\/wp\/v2\/types\/post"}],"author":[{"embeddable":true,"href":"https:\/\/sindicatos.cgtp.pt\/uniao-norte-alentejano\/wp-json\/wp\/v2\/users\/58"}],"replies":[{"embeddable":true,"href":"https:\/\/sindicatos.cgtp.pt\/uniao-norte-alentejano\/wp-json\/wp\/v2\/comments?post=1150"}],"version-history":[{"count":1,"href":"https:\/\/sindicatos.cgtp.pt\/uniao-norte-alentejano\/wp-json\/wp\/v2\/posts\/1150\/revisions"}],"predecessor-version":[{"id":1152,"href":"https:\/\/sindicatos.cgtp.pt\/uniao-norte-alentejano\/wp-json\/wp\/v2\/posts\/1150\/revisions\/1152"}],"wp:attachment":[{"href":"https:\/\/sindicatos.cgtp.pt\/uniao-norte-alentejano\/wp-json\/wp\/v2\/media?parent=1150"}],"wp:term":[{"taxonomy":"category","embeddable":true,"href":"https:\/\/sindicatos.cgtp.pt\/uniao-norte-alentejano\/wp-json\/wp\/v2\/categories?post=1150"},{"taxonomy":"post_tag","embeddable":true,"href":"https:\/\/sindicatos.cgtp.pt\/uniao-norte-alentejano\/wp-json\/wp\/v2\/tags?post=1150"}],"curies":[{"name":"wp","href":"https:\/\/api.w.org\/{rel}","templated":true}]}}