{"id":1157,"date":"2020-07-17T11:32:50","date_gmt":"2020-07-17T11:32:50","guid":{"rendered":"http:\/\/sindicatos.cgtp.pt\/uniao-norte-alentejano\/?p=1157"},"modified":"2020-07-17T11:32:50","modified_gmt":"2020-07-17T11:32:50","slug":"tribuna-publica-junto-ao-terminal-rodoviario-em-portalegre-com-a-participacao-da-secretaria-geral-da-cgtp-in-isabel-camarinha","status":"publish","type":"post","link":"https:\/\/sindicatos.cgtp.pt\/uniao-norte-alentejano\/2020\/07\/17\/tribuna-publica-junto-ao-terminal-rodoviario-em-portalegre-com-a-participacao-da-secretaria-geral-da-cgtp-in-isabel-camarinha\/","title":{"rendered":"Tribuna p\u00fablica junto ao terminal rodovi\u00e1rio em Portalegre com a participa\u00e7\u00e3o da Secret\u00e1ria-Geral da CGTP-IN, Isabel Camarinha"},"content":{"rendered":"<p lang=\"en-GB\" align=\"justify\"><span style=\"font-family: Times New Roman, serif\"><span style=\"font-size: medium\"><a href=\"https:\/\/sindicatos.cgtp.pt\/uniao-norte-alentejano\/wp-content\/blogs.dir\/56\/files\/sites\/56\/2020\/07\/terminal-rodoviario-em-portalegre_17072020-min.jpg\"><img loading=\"lazy\" decoding=\"async\" class=\"alignleft  wp-image-1159\" alt=\"terminal rodoviario em portalegre_17072020-min\" src=\"https:\/\/sindicatos.cgtp.pt\/uniao-norte-alentejano\/wp-content\/blogs.dir\/56\/files\/sites\/56\/2020\/07\/terminal-rodoviario-em-portalegre_17072020-min.jpg\" width=\"597\" height=\"448\" srcset=\"https:\/\/sindicatos.cgtp.pt\/uniao-norte-alentejano\/wp-content\/blogs.dir\/56\/files\/sites\/56\/2020\/07\/terminal-rodoviario-em-portalegre_17072020-min.jpg 4608w, https:\/\/sindicatos.cgtp.pt\/uniao-norte-alentejano\/wp-content\/blogs.dir\/56\/files\/sites\/56\/2020\/07\/terminal-rodoviario-em-portalegre_17072020-min-240x180.jpg 240w, https:\/\/sindicatos.cgtp.pt\/uniao-norte-alentejano\/wp-content\/blogs.dir\/56\/files\/sites\/56\/2020\/07\/terminal-rodoviario-em-portalegre_17072020-min-800x600.jpg 800w, https:\/\/sindicatos.cgtp.pt\/uniao-norte-alentejano\/wp-content\/blogs.dir\/56\/files\/sites\/56\/2020\/07\/terminal-rodoviario-em-portalegre_17072020-min-160x120.jpg 160w\" sizes=\"auto, (max-width: 597px) 100vw, 597px\" \/><\/a>A <strong>Rodovi\u00e1ria do Alentejo,<\/strong> que na sequ\u00eancia da pandemia, havia j\u00e1 reduzido e suprimido carreiras no distrito de Portalegre, informou, nos termos da lei, a estrutura sindical que representa os trabalhadores do sector, o STRUP &#8211; Sindicato dos Trabalhadores de Transportes Rodovi\u00e1rios e Urbanos de Portugal, <strong>a inten\u00e7\u00e3o de prolongar o lay-off por 1 ano a partir de 1 de Agosto deste ano.<\/strong><\/span><\/span><\/p>\n<p lang=\"en-GB\" align=\"justify\"><span style=\"font-family: Times New Roman, serif\"><span style=\"font-size: medium\">De notar que tamb\u00e9m a Rede Expressos se encontra em lay-off tendo reduzido de 10 para 2 os expressos di\u00e1rios do distrito de Portalegre.<\/span><\/span><\/p>\n<p lang=\"en-GB\" align=\"justify\"><span style=\"font-family: Times New Roman, serif\"><span style=\"font-size: medium\"><strong>A Uni\u00e3o dos Sindicatos do Norte Alentejano\/ CGTP-IN considera esta situa\u00e7\u00e3o inaceit\u00e1vel.<\/strong> A cada dia que passa o distrito de Portalegre est\u00e1 mais isolado. Popula\u00e7\u00f5es inteiras ficaram sem a possibilidade de aceder a servi\u00e7os fundamentais que ao longo de v\u00e1rios anos foram sendo encerrados nas suas freguesias e centralizados nas sedes dos concelhos e em alguns casos at\u00e9 desses locais desapareceram. Trabalhadores que ficaram sem meios de desloca\u00e7\u00e3o para os seus locais de trabalho. Muitos trabalhadores que vieram residir na nossa regi\u00e3o ajudando a combater o despovoamento v\u00eam-se agora sem a possibilidade de fazer as suas pontuais desloca\u00e7\u00f5es \u00e0s sedes das suas empresas em Lisboa. S\u00e3o v\u00e1rios os exemplos de constrangimentos criados \u00e0 popula\u00e7\u00e3o do Norte Alentejano pela redu\u00e7\u00e3o e supress\u00e3o de carreiras rodovi\u00e1rias de transporte.<\/span><\/span><\/p>\n<p lang=\"en-GB\" align=\"justify\"><span style=\"font-family: Times New Roman, serif\"><span style=\"font-size: medium\"><span style=\"color: #000000\">A USNA\/CGTP-IN acompanha a posi\u00e7\u00e3o j\u00e1 manifestada pela FECTRANS &#8211; Federa\u00e7\u00e3o dos Sindicatos de Transportes e Comunica\u00e7\u00f5es, que constata que \u201capesar dos apoios previstos no Or\u00e7amento do Estado suplementar, os patr\u00f5es privados continuam sem repor o servi\u00e7o que o Pa\u00eds precisa, com isto, s\u00e3o prejudicados os trabalhadores e os utentes. <\/span>O patronato do sector privado de passageiros tem a mesma estrat\u00e9gia de prolongar as situa\u00e7\u00f5es de \u201clay-off\u201d e com isso milhares de trabalhadores ficam num quadro de incerteza quanto ao futuro, o Pa\u00eds em termos regionais est\u00e1 nesta altura sem transporte rodovi\u00e1rio de passageiros, o que demonstra que Portugal precisa de uma empresa p\u00fablica neste sector.\u201d<\/span><\/span><\/p>\n<p lang=\"en-GB\" align=\"justify\"><span style=\"font-family: Times New Roman, serif\"><span style=\"font-size: medium\">Ainda que, o governo n\u00e3o possa ser um mero espectador e tenha que intervir legalmente para devolver aos cidad\u00e3os um servi\u00e7o a que t\u00eam direito e com isso fazer com que os trabalhadores reocupem com todos os direitos, os seus postos de trabalho, este continua a defender que s\u00e3o os munic\u00edpios as autoridades de transporte. Assim, a USNA\/CGTP-IN e o STRUP solicitaram j\u00e1 uma reuni\u00e3o \u00e0 CIMAA \u2013 Comunidade Intermunicipal do Alto Alentejo, para perceber que medidas est\u00e3o a ser equacionadas para devolver \u00e0s popula\u00e7\u00f5es do Norte Alentejano o seu direito \u00e0 mobilidade.<\/span><\/span><\/p>\n<p lang=\"en-GB\" align=\"justify\"><strong><span style=\"font-family: Times New Roman, serif\"><span style=\"font-size: medium\">USNA\/CGTP-IN e STRUP ir\u00e3o ainda realizar uma tribuna p\u00fablica junto \u00e0 Rodovi\u00e1ria em Portalegre, em que participar\u00e1 a Secret\u00e1ria Geral da CGTP-IN Isabel Camarinha, no pr\u00f3ximo dia 24 de Julho, sexta-feira, a partir das 17h.<\/span><\/span><\/strong><\/p>\n","protected":false},"excerpt":{"rendered":"<p>A Rodovi\u00e1ria do Alentejo, que na sequ\u00eancia da pandemia, havia j\u00e1 reduzido e suprimido carreiras no distrito de Portalegre, informou, nos termos da lei, a estrutura sindical que representa os trabalhadores do sector, o STRUP &#8211; Sindicato dos Trabalhadores de Transportes Rodovi\u00e1rios e Urbanos de<\/p>\n","protected":false},"author":58,"featured_media":0,"comment_status":"closed","ping_status":"open","sticky":false,"template":"","format":"standard","meta":{"footnotes":""},"categories":[25,26,1],"tags":[],"class_list":["post-1157","post","type-post","status-publish","format-standard","hentry","category-actualidade-e-luta","category-distrito","category-noticias"],"_links":{"self":[{"href":"https:\/\/sindicatos.cgtp.pt\/uniao-norte-alentejano\/wp-json\/wp\/v2\/posts\/1157","targetHints":{"allow":["GET"]}}],"collection":[{"href":"https:\/\/sindicatos.cgtp.pt\/uniao-norte-alentejano\/wp-json\/wp\/v2\/posts"}],"about":[{"href":"https:\/\/sindicatos.cgtp.pt\/uniao-norte-alentejano\/wp-json\/wp\/v2\/types\/post"}],"author":[{"embeddable":true,"href":"https:\/\/sindicatos.cgtp.pt\/uniao-norte-alentejano\/wp-json\/wp\/v2\/users\/58"}],"replies":[{"embeddable":true,"href":"https:\/\/sindicatos.cgtp.pt\/uniao-norte-alentejano\/wp-json\/wp\/v2\/comments?post=1157"}],"version-history":[{"count":1,"href":"https:\/\/sindicatos.cgtp.pt\/uniao-norte-alentejano\/wp-json\/wp\/v2\/posts\/1157\/revisions"}],"predecessor-version":[{"id":1160,"href":"https:\/\/sindicatos.cgtp.pt\/uniao-norte-alentejano\/wp-json\/wp\/v2\/posts\/1157\/revisions\/1160"}],"wp:attachment":[{"href":"https:\/\/sindicatos.cgtp.pt\/uniao-norte-alentejano\/wp-json\/wp\/v2\/media?parent=1157"}],"wp:term":[{"taxonomy":"category","embeddable":true,"href":"https:\/\/sindicatos.cgtp.pt\/uniao-norte-alentejano\/wp-json\/wp\/v2\/categories?post=1157"},{"taxonomy":"post_tag","embeddable":true,"href":"https:\/\/sindicatos.cgtp.pt\/uniao-norte-alentejano\/wp-json\/wp\/v2\/tags?post=1157"}],"curies":[{"name":"wp","href":"https:\/\/api.w.org\/{rel}","templated":true}]}}