{"id":1241,"date":"2021-08-27T11:23:02","date_gmt":"2021-08-27T11:23:02","guid":{"rendered":"http:\/\/sindicatos.cgtp.pt\/uniao-norte-alentejano\/?p=1241"},"modified":"2021-08-27T11:24:46","modified_gmt":"2021-08-27T11:24:46","slug":"circuito-nacional-de-denuncia-em-portalegre-trabalhadores-da-valnor-em-luta","status":"publish","type":"post","link":"https:\/\/sindicatos.cgtp.pt\/uniao-norte-alentejano\/2021\/08\/27\/circuito-nacional-de-denuncia-em-portalegre-trabalhadores-da-valnor-em-luta\/","title":{"rendered":"Circuito Nacional de Den\u00fancia em Portalegre: Trabalhadores da Valnor em luta"},"content":{"rendered":"<p lang=\"en-GB\" style=\"text-align: left\" align=\"center\"><a href=\"https:\/\/sindicatos.cgtp.pt\/uniao-norte-alentejano\/wp-content\/blogs.dir\/56\/files\/sites\/56\/2021\/08\/circuito-nacional-de-denuncia2.jpg\"><img loading=\"lazy\" decoding=\"async\" class=\"alignleft size-medium wp-image-1242\" alt=\"circuito nacional de denuncia2\" src=\"https:\/\/sindicatos.cgtp.pt\/uniao-norte-alentejano\/wp-content\/blogs.dir\/56\/files\/sites\/56\/2021\/08\/circuito-nacional-de-denuncia2-240x99.jpg\" width=\"240\" height=\"99\" srcset=\"https:\/\/sindicatos.cgtp.pt\/uniao-norte-alentejano\/wp-content\/blogs.dir\/56\/files\/sites\/56\/2021\/08\/circuito-nacional-de-denuncia2-240x99.jpg 240w, https:\/\/sindicatos.cgtp.pt\/uniao-norte-alentejano\/wp-content\/blogs.dir\/56\/files\/sites\/56\/2021\/08\/circuito-nacional-de-denuncia2-800x330.jpg 800w\" sizes=\"auto, (max-width: 240px) 100vw, 240px\" \/><\/a><\/p>\n<p lang=\"en-GB\" align=\"center\"><span style=\"font-size: large\"><b>Tribuna P\u00fablica e desfile para denunciar sal\u00e1rios de mis\u00e9ria e incumprimentos\u00a0<\/b><\/span><span style=\"font-size: large\"><b>no grupo EGF\/Mota&amp;Engil<\/b><\/span><\/p>\n<p lang=\"en-GB\" align=\"justify\"><span style=\"font-size: large\">O STAL e a FIEQUIMETAL promovem esta segunda-feira (30 de Agosto), \u00e0s 10.00h, uma Tribuna P\u00fablica em Portalegre (na Pra\u00e7a da Rep\u00fablica) para dar a conhecer publicamente os graves problemas que afectam os milhares de trabalhadores do grupo EGF\/Mota&amp;Engil, entre eles os trabalhadores da VALNOR, privatizada em 2014, seguindo-se um desfile at\u00e9 \u00e0 Pra\u00e7a do Munic\u00edpio para entregar \u2013 na Comunidade Intermunicipal do Alto Alentejo e na Autoridade para as Condi\u00e7\u00f5es de Trabalho \u2013 a resolu\u00e7\u00e3o \u201cPelo Direito \u00e0 Negocia\u00e7\u00e3o Colectiva: Sal\u00e1rios Dignos, Respeito Pelas Categorias, Subs\u00eddio de Risco\u201d.<\/span><\/p>\n<p lang=\"en-GB\" align=\"justify\"><span style=\"font-size: medium\">Esta ac\u00e7\u00e3o de protesto \u2013 cujo um dos objectivos \u00e9 refirmar a defesa dos direitos e das propostas reivindicativas apresentadas pelo Sindicato, que a empresa, de forma sistem\u00e1tica, tem procurado ignorar \u2013 insere-se no \u201cCircuito Nacional de Den\u00fancia\u201d, iniciativa que est\u00e1 a decorrer por todo o Pa\u00eds, nos locais de trabalho das v\u00e1rias empresas da EGF\/Mota&amp;Engil e nas localidades onde estas se situam.<\/span><\/p>\n<p lang=\"en-GB\" align=\"justify\"><span style=\"font-size: medium\">Atrav\u00e9s de tribunas p\u00fablicas, plen\u00e1rios, concentra\u00e7\u00f5es e desfiles, centenas de trabalhadores, dirigentes e activistas sindicais t\u00eam tornado p\u00fablico o seu descontentamento <\/span><span style=\"color: #000000\"><span style=\"font-size: medium\">devido<\/span><\/span><span style=\"font-size: medium\"> aos graves problemas laborais com que os milhares de trabalhadores se debatem nas empresas do referido grupo, cuja administra\u00e7\u00e3o tem procurado fugir \u00e0 discuss\u00e3o s\u00e9ria dos problemas, dos cadernos reivindicativos e da proposta de Acordo Colectivo de Trabalho (ACT) h\u00e1 muito apresentada pelo STAL, e com ades\u00e3o da FIEQUIMETAL, numa clara estrat\u00e9gia de aprofundar a explora\u00e7\u00e3o do trabalho, pagando sal\u00e1rios de mis\u00e9ria, precarizando os v\u00ednculos laborais, discriminando trabalhadores, desrespeitando e violando direitos. Em suma, dividir para reinar.<\/span><\/p>\n<p lang=\"en-GB\" align=\"justify\"><span style=\"font-size: medium\">Mas tal estrat\u00e9gia n\u00e3o surtir\u00e1 qualquer efeito, porque os trabalhadores n\u00e3o desistem, e j\u00e1 deram provas da sua unidade, firmeza e da for\u00e7a das suas convic\u00e7\u00f5es e reivindica\u00e7\u00f5es, nomeadamente:<\/span><\/p>\n<p lang=\"en-GB\" align=\"justify\"><span style=\"font-size: medium\">&#8211; A negocia\u00e7\u00e3o urgente de um ACT que uniformize as regras laborais para todos os trabalhadores e todas as empresas do Grupo, que promova e garanta a valoriza\u00e7\u00e3o remunerat\u00f3ria, a dignifica\u00e7\u00e3o profissional e a qualidade do servi\u00e7o p\u00fablico prestado;<\/span><\/p>\n<p lang=\"en-GB\" align=\"justify\"><span style=\"font-size: medium\">&#8211; O aumento imediato dos sal\u00e1rios e de outras presta\u00e7\u00f5es pecuni\u00e1rias, nomeadamente, do subs\u00eddio de refei\u00e7\u00e3o e de transporte, de forma a repor o poder de compra perdido nos \u00faltimos anos; <\/span><\/p>\n<p lang=\"en-GB\" align=\"justify\"><span style=\"font-size: medium\">&#8211; Regulamenta\u00e7\u00e3o e aplica\u00e7\u00e3o do suplemento de insalubridade, penosidade e risco;<\/span><\/p>\n<p lang=\"en-GB\" align=\"justify\"><span style=\"font-size: medium\">&#8211; Atribui\u00e7\u00e3o de um subs\u00eddio de risco extraordin\u00e1rio, no quadro do surto epid\u00e9mico do novo coronav\u00edrus;<\/span><\/p>\n<p lang=\"en-GB\" align=\"justify\"><span style=\"font-size: medium\">&#8211; A valoriza\u00e7\u00e3o das carreiras profissionais, garantindo a progress\u00e3o e a promo\u00e7\u00e3o;<\/span><\/p>\n<p lang=\"en-GB\" align=\"justify\"><span style=\"font-size: medium\">&#8211; A melhoria e o pleno respeito pelas normas de sa\u00fade e seguran\u00e7a no trabalho.<\/span><\/p>\n<p lang=\"en-GB\" align=\"justify\"><span style=\"font-size: medium\"><b>A Luta dos trabalhadores prossegue<\/b><\/span><\/p>\n<p lang=\"en-GB\" align=\"justify\"><span style=\"font-size: medium\">No actual contexto pand\u00e9mico, os trabalhadores nunca negaram esfor\u00e7os, cumprindo os seus deveres profissionais e assumindo o seu compromisso com as popula\u00e7\u00f5es. A resposta da EGF\/Mota&amp;Engil a esse esfor\u00e7o e dedica\u00e7\u00e3o \u00e9 a aus\u00eancia de reconhecimento e compensa\u00e7\u00e3o do risco, e o bloqueio da negocia\u00e7\u00e3o da contrata\u00e7\u00e3o colectiva, levando a que os problemas se acumulem, arrastem e agravem, com forte impacto negativo na vida dos trabalhadores e na qualidade da presta\u00e7\u00e3o dos servi\u00e7os.<\/span><\/p>\n<p lang=\"en-GB\" align=\"justify\"><span style=\"font-size: medium\">E sem respostas aos problemas que a pandemia veio agravar, a luta dos trabalhadores ir\u00e1 prosseguir, denunciando, protestando e, principalmente, continuando a exigir solu\u00e7\u00f5es para os problemas, j\u00e1 que o enorme esfor\u00e7o feito pelos trabalhadores, em particular neste \u00faltimo ano e meio, tem de ser respeitado e compensado, sem mais delongas ou desculpas!<\/span><\/p>\n<p lang=\"en-GB\" align=\"justify\"><span style=\"font-size: medium\">O STAL e a FIEQUIMETAL defendem a revers\u00e3o da privatiza\u00e7\u00e3o da EGF, para garantir uma pol\u00edtica de res\u00edduos norteada por raz\u00f5es ambientais e pela defesa do interesse p\u00fablico, e n\u00e3o pelo lucro. E os munic\u00edpios, enquanto accionistas (ainda que minorit\u00e1rios) das empresas do grupo EGF\/Mota&amp;Engil, t\u00eam de assumir as suas responsabilidades e garantir a defesa das respectivas popula\u00e7\u00f5es, de servi\u00e7os p\u00fablicos de qualidade, do trabalho com direitos, assim como contribuir, activamente, para a melhoria das condi\u00e7\u00f5es laborais nas empresas que lhes prestam servi\u00e7os e nas quais participam. <\/span><\/p>\n<p lang=\"en-GB\" align=\"justify\"><span style=\"font-size: medium\">S\u00f3 assim ser\u00e1 poss\u00edvel respeitar plenamente os direitos das popula\u00e7\u00f5es e dos trabalhadores. Por isso, esta \u00e9 uma luta de todos!<\/span><\/p>\n<p lang=\"en-GB\" align=\"right\"><span style=\"font-size: medium\">As direc\u00e7\u00f5es do STAL e da FIEQUIMETAL<\/span><\/p>\n<p lang=\"en-GB\" align=\"right\"><span style=\"font-size: small\">O Dep\u00ba de Informa\u00e7\u00e3o da USNA\/cgtp-in<\/span><\/p>\n<p lang=\"en-GB\" align=\"right\"><span style=\"font-size: small\">\u00a0<\/span><\/p>\n","protected":false},"excerpt":{"rendered":"<p>Tribuna P\u00fablica e desfile para denunciar sal\u00e1rios de mis\u00e9ria e incumprimentos\u00a0no grupo EGF\/Mota&amp;Engil O STAL e a FIEQUIMETAL promovem esta segunda-feira (30 de Agosto), \u00e0s 10.00h, uma Tribuna P\u00fablica em Portalegre (na Pra\u00e7a da Rep\u00fablica) para dar a conhecer publicamente os graves problemas que afectam<\/p>\n","protected":false},"author":58,"featured_media":0,"comment_status":"closed","ping_status":"open","sticky":false,"template":"","format":"standard","meta":{"footnotes":""},"categories":[25,26,1],"tags":[],"class_list":["post-1241","post","type-post","status-publish","format-standard","hentry","category-actualidade-e-luta","category-distrito","category-noticias"],"_links":{"self":[{"href":"https:\/\/sindicatos.cgtp.pt\/uniao-norte-alentejano\/wp-json\/wp\/v2\/posts\/1241","targetHints":{"allow":["GET"]}}],"collection":[{"href":"https:\/\/sindicatos.cgtp.pt\/uniao-norte-alentejano\/wp-json\/wp\/v2\/posts"}],"about":[{"href":"https:\/\/sindicatos.cgtp.pt\/uniao-norte-alentejano\/wp-json\/wp\/v2\/types\/post"}],"author":[{"embeddable":true,"href":"https:\/\/sindicatos.cgtp.pt\/uniao-norte-alentejano\/wp-json\/wp\/v2\/users\/58"}],"replies":[{"embeddable":true,"href":"https:\/\/sindicatos.cgtp.pt\/uniao-norte-alentejano\/wp-json\/wp\/v2\/comments?post=1241"}],"version-history":[{"count":3,"href":"https:\/\/sindicatos.cgtp.pt\/uniao-norte-alentejano\/wp-json\/wp\/v2\/posts\/1241\/revisions"}],"predecessor-version":[{"id":1245,"href":"https:\/\/sindicatos.cgtp.pt\/uniao-norte-alentejano\/wp-json\/wp\/v2\/posts\/1241\/revisions\/1245"}],"wp:attachment":[{"href":"https:\/\/sindicatos.cgtp.pt\/uniao-norte-alentejano\/wp-json\/wp\/v2\/media?parent=1241"}],"wp:term":[{"taxonomy":"category","embeddable":true,"href":"https:\/\/sindicatos.cgtp.pt\/uniao-norte-alentejano\/wp-json\/wp\/v2\/categories?post=1241"},{"taxonomy":"post_tag","embeddable":true,"href":"https:\/\/sindicatos.cgtp.pt\/uniao-norte-alentejano\/wp-json\/wp\/v2\/tags?post=1241"}],"curies":[{"name":"wp","href":"https:\/\/api.w.org\/{rel}","templated":true}]}}