{"id":1251,"date":"2021-09-23T12:43:28","date_gmt":"2021-09-23T12:43:28","guid":{"rendered":"http:\/\/sindicatos.cgtp.pt\/uniao-norte-alentejano\/?p=1251"},"modified":"2021-09-23T12:43:28","modified_gmt":"2021-09-23T12:43:28","slug":"prossegue-a-retirada-de-faixas-sindicais-em-nisa","status":"publish","type":"post","link":"https:\/\/sindicatos.cgtp.pt\/uniao-norte-alentejano\/2021\/09\/23\/prossegue-a-retirada-de-faixas-sindicais-em-nisa\/","title":{"rendered":"Prossegue a retirada de faixas sindicais em Nisa"},"content":{"rendered":"<div dir=\"auto\"><a href=\"https:\/\/sindicatos.cgtp.pt\/uniao-norte-alentejano\/wp-content\/blogs.dir\/56\/files\/sites\/56\/2021\/09\/spz_nisa_3-min.jpg\"><img loading=\"lazy\" decoding=\"async\" class=\"alignleft size-medium wp-image-1252\" alt=\"spz_nisa_3-min\" src=\"https:\/\/sindicatos.cgtp.pt\/uniao-norte-alentejano\/wp-content\/blogs.dir\/56\/files\/sites\/56\/2021\/09\/spz_nisa_3-min-240x180.jpg\" width=\"240\" height=\"180\" srcset=\"https:\/\/sindicatos.cgtp.pt\/uniao-norte-alentejano\/wp-content\/blogs.dir\/56\/files\/sites\/56\/2021\/09\/spz_nisa_3-min-240x180.jpg 240w, https:\/\/sindicatos.cgtp.pt\/uniao-norte-alentejano\/wp-content\/blogs.dir\/56\/files\/sites\/56\/2021\/09\/spz_nisa_3-min-800x600.jpg 800w, https:\/\/sindicatos.cgtp.pt\/uniao-norte-alentejano\/wp-content\/blogs.dir\/56\/files\/sites\/56\/2021\/09\/spz_nisa_3-min-160x120.jpg 160w, https:\/\/sindicatos.cgtp.pt\/uniao-norte-alentejano\/wp-content\/blogs.dir\/56\/files\/sites\/56\/2021\/09\/spz_nisa_3-min.jpg 960w\" sizes=\"auto, (max-width: 240px) 100vw, 240px\" \/><\/a>O SPZS, Sindicato dos Professores da Zona Sul, avan\u00e7a com uma ac\u00e7\u00e3o de mobiliza\u00e7\u00e3o de professores e da popula\u00e7\u00e3o em geral em torno de uma reivindica\u00e7\u00e3o justa e urgente: 6% do Or\u00e7amento de Estado para a educa\u00e7\u00e3o.<\/div>\n<div dir=\"auto\">A Sra. Vereadora da Educa\u00e7\u00e3o da C\u00e2mara Municipal de Nisa, seguindo os passos da Sra. Presidente de C\u00e2mara Idalina Trindade, n\u00e3o s\u00f3 mandou retirar a faixa colocada na sede do Agrupamento de Escolas de Nisa como informou a FENPROF da sua atitude, alegando que o sindicato tinha de pedir autoriza\u00e7\u00e3o.<\/div>\n<div dir=\"auto\">Prontamente lhe foi explicado que se trata de um edif\u00edcio p\u00fablico e que o que estava em causa era uma ac\u00e7\u00e3o sindical protegida pela lei e pela Constitui\u00e7\u00e3o da Rep\u00fablica Portuguesa(documento que os autarcas deveriam no m\u00ednimo conhecer).<\/div>\n<div dir=\"auto\">Tamb\u00e9m o Sr. Doutor Director do Agrupamento de Escolas de Nisa foi informado pelo SPZS do que tinha acontecido. O Sr. Director fez saber de que n\u00e3o se tratam de assuntos da sua responsabilidade.<\/div>\n<div dir=\"auto\">A defesa da lei, da democracia, da Constitui\u00e7\u00e3o \u00e9 da responsabilidade de todos.<\/div>\n<div dir=\"auto\">\u00c9 preciso continuar a afirmar a liberdade de esclarecer e mobilizar por isso o SPZS resgatou a faixa dos Estaleiros do Munic\u00edpio de Nisa e colocou-a novamente onde deve estar: num edif\u00edcio p\u00fablico, que \u00e9 de todos, para que professores e toda a restante comunidade educativa fique a conhecer que ainda vale a pena e \u00e9 poss\u00edvel continuar a defender a escola p\u00fablica.<\/div>\n","protected":false},"excerpt":{"rendered":"<p>O SPZS, Sindicato dos Professores da Zona Sul, avan\u00e7a com uma ac\u00e7\u00e3o de mobiliza\u00e7\u00e3o de professores e da popula\u00e7\u00e3o em geral em torno de uma reivindica\u00e7\u00e3o justa e urgente: 6% do Or\u00e7amento de Estado para a educa\u00e7\u00e3o. A Sra. Vereadora da Educa\u00e7\u00e3o da C\u00e2mara Municipal<\/p>\n","protected":false},"author":58,"featured_media":0,"comment_status":"closed","ping_status":"open","sticky":false,"template":"","format":"standard","meta":{"footnotes":""},"categories":[25,26,1],"tags":[],"class_list":["post-1251","post","type-post","status-publish","format-standard","hentry","category-actualidade-e-luta","category-distrito","category-noticias"],"_links":{"self":[{"href":"https:\/\/sindicatos.cgtp.pt\/uniao-norte-alentejano\/wp-json\/wp\/v2\/posts\/1251","targetHints":{"allow":["GET"]}}],"collection":[{"href":"https:\/\/sindicatos.cgtp.pt\/uniao-norte-alentejano\/wp-json\/wp\/v2\/posts"}],"about":[{"href":"https:\/\/sindicatos.cgtp.pt\/uniao-norte-alentejano\/wp-json\/wp\/v2\/types\/post"}],"author":[{"embeddable":true,"href":"https:\/\/sindicatos.cgtp.pt\/uniao-norte-alentejano\/wp-json\/wp\/v2\/users\/58"}],"replies":[{"embeddable":true,"href":"https:\/\/sindicatos.cgtp.pt\/uniao-norte-alentejano\/wp-json\/wp\/v2\/comments?post=1251"}],"version-history":[{"count":1,"href":"https:\/\/sindicatos.cgtp.pt\/uniao-norte-alentejano\/wp-json\/wp\/v2\/posts\/1251\/revisions"}],"predecessor-version":[{"id":1253,"href":"https:\/\/sindicatos.cgtp.pt\/uniao-norte-alentejano\/wp-json\/wp\/v2\/posts\/1251\/revisions\/1253"}],"wp:attachment":[{"href":"https:\/\/sindicatos.cgtp.pt\/uniao-norte-alentejano\/wp-json\/wp\/v2\/media?parent=1251"}],"wp:term":[{"taxonomy":"category","embeddable":true,"href":"https:\/\/sindicatos.cgtp.pt\/uniao-norte-alentejano\/wp-json\/wp\/v2\/categories?post=1251"},{"taxonomy":"post_tag","embeddable":true,"href":"https:\/\/sindicatos.cgtp.pt\/uniao-norte-alentejano\/wp-json\/wp\/v2\/tags?post=1251"}],"curies":[{"name":"wp","href":"https:\/\/api.w.org\/{rel}","templated":true}]}}