{"id":1274,"date":"2021-12-14T21:57:26","date_gmt":"2021-12-14T21:57:26","guid":{"rendered":"http:\/\/sindicatos.cgtp.pt\/uniao-norte-alentejano\/?p=1274"},"modified":"2021-12-14T21:57:26","modified_gmt":"2021-12-14T21:57:26","slug":"tribunal-da-razao-ao-sindicato-dos-professores-da-zona-sul-no-caso-da-afixacao-de-informacao-sindical-no-gradeamento-do-centro-escolar-de-nisa","status":"publish","type":"post","link":"https:\/\/sindicatos.cgtp.pt\/uniao-norte-alentejano\/2021\/12\/14\/tribunal-da-razao-ao-sindicato-dos-professores-da-zona-sul-no-caso-da-afixacao-de-informacao-sindical-no-gradeamento-do-centro-escolar-de-nisa\/","title":{"rendered":"Tribunal d\u00e1 raz\u00e3o ao Sindicato dos Professores da Zona Sul no caso da afixa\u00e7\u00e3o de informa\u00e7\u00e3o sindical no gradeamento do Centro Escolar de Nisa"},"content":{"rendered":"<p><a href=\"https:\/\/sindicatos.cgtp.pt\/uniao-norte-alentejano\/wp-content\/blogs.dir\/56\/files\/sites\/56\/2021\/12\/spzs-14122021.jpg\"><img loading=\"lazy\" decoding=\"async\" class=\"alignleft size-medium wp-image-1275\" alt=\"spzs 14122021\" src=\"https:\/\/sindicatos.cgtp.pt\/uniao-norte-alentejano\/wp-content\/blogs.dir\/56\/files\/sites\/56\/2021\/12\/spzs-14122021-240x180.jpg\" width=\"240\" height=\"180\" srcset=\"https:\/\/sindicatos.cgtp.pt\/uniao-norte-alentejano\/wp-content\/blogs.dir\/56\/files\/sites\/56\/2021\/12\/spzs-14122021-240x180.jpg 240w, https:\/\/sindicatos.cgtp.pt\/uniao-norte-alentejano\/wp-content\/blogs.dir\/56\/files\/sites\/56\/2021\/12\/spzs-14122021-800x600.jpg 800w, https:\/\/sindicatos.cgtp.pt\/uniao-norte-alentejano\/wp-content\/blogs.dir\/56\/files\/sites\/56\/2021\/12\/spzs-14122021-160x120.jpg 160w\" sizes=\"auto, (max-width: 240px) 100vw, 240px\" \/><\/a>O SPZS, ap\u00f3s ter visto as suas faixas de informa\u00e7\u00e3o sindical terem sido retiradas por diversas vezes do gradeamento do Centro Escolar de Nisa, por ordem do Executivo Municipal, decidiu recorrer ao tribunal instaurando uma a\u00e7\u00e3o judicial contra a C\u00e2mara em defesa de direitos, liberdades e garantias.<\/p>\n<p><b>O Tribunal Administrativo e Fiscal de Castelo Branco vem agora dar raz\u00e3o ao SPZS determinando que a\u00a0 C\u00e2mara de Nisa\u00a0<i>\u00abse abstenha de retirar as faixas de propaganda (&#8230;) afixadas ou a afixar pelo Requerente no gradeamento do Agrupamento de Escolas de Nisa.\u00bb<\/i><\/b><\/p>\n<p>Refere ainda a senten\u00e7a que\u00a0<b>a CM de Nisa\u00a0<i>\u00abrestringiu a liberdade de express\u00e3o e o direito \u00e0 actividade sindical do Requerente em termos que n\u00e3o lhe s\u00e3o permitidos por Lei(&#8230;)\u00bb<\/i><\/b><\/p>\n<p>No Portugal democr\u00e1tico \u00e9 lament\u00e1vel que os trabalhadores do Concelho de Nisa tenham que recorrer \u00e0s inst\u00e2ncias judiciais para poder desenvolver dentro das normas constitucionais\u00a0a\u00a0a\u00e7\u00e3o sindical.<\/p>\n<p>A informa\u00e7\u00e3o sindical do SPZS ser\u00e1 de novo afixada, cumprindo com o disposto na Constitui\u00e7\u00e3o da Rep\u00fablica, contra todos os atropelos \u00e0 liberdade sindical.<\/p>\n<p>Fonte: A Dire\u00e7\u00e3o do SPZS \u2013 Fenprof<\/p>\n<p>&nbsp;<\/p>\n","protected":false},"excerpt":{"rendered":"<p>O SPZS, ap\u00f3s ter visto as suas faixas de informa\u00e7\u00e3o sindical terem sido retiradas por diversas vezes do gradeamento do Centro Escolar de Nisa, por ordem do Executivo Municipal, decidiu recorrer ao tribunal instaurando uma a\u00e7\u00e3o judicial contra a C\u00e2mara em defesa de direitos, liberdades<\/p>\n","protected":false},"author":58,"featured_media":0,"comment_status":"closed","ping_status":"open","sticky":false,"template":"","format":"standard","meta":{"footnotes":""},"categories":[25,26,1],"tags":[],"class_list":["post-1274","post","type-post","status-publish","format-standard","hentry","category-actualidade-e-luta","category-distrito","category-noticias"],"_links":{"self":[{"href":"https:\/\/sindicatos.cgtp.pt\/uniao-norte-alentejano\/wp-json\/wp\/v2\/posts\/1274","targetHints":{"allow":["GET"]}}],"collection":[{"href":"https:\/\/sindicatos.cgtp.pt\/uniao-norte-alentejano\/wp-json\/wp\/v2\/posts"}],"about":[{"href":"https:\/\/sindicatos.cgtp.pt\/uniao-norte-alentejano\/wp-json\/wp\/v2\/types\/post"}],"author":[{"embeddable":true,"href":"https:\/\/sindicatos.cgtp.pt\/uniao-norte-alentejano\/wp-json\/wp\/v2\/users\/58"}],"replies":[{"embeddable":true,"href":"https:\/\/sindicatos.cgtp.pt\/uniao-norte-alentejano\/wp-json\/wp\/v2\/comments?post=1274"}],"version-history":[{"count":1,"href":"https:\/\/sindicatos.cgtp.pt\/uniao-norte-alentejano\/wp-json\/wp\/v2\/posts\/1274\/revisions"}],"predecessor-version":[{"id":1276,"href":"https:\/\/sindicatos.cgtp.pt\/uniao-norte-alentejano\/wp-json\/wp\/v2\/posts\/1274\/revisions\/1276"}],"wp:attachment":[{"href":"https:\/\/sindicatos.cgtp.pt\/uniao-norte-alentejano\/wp-json\/wp\/v2\/media?parent=1274"}],"wp:term":[{"taxonomy":"category","embeddable":true,"href":"https:\/\/sindicatos.cgtp.pt\/uniao-norte-alentejano\/wp-json\/wp\/v2\/categories?post=1274"},{"taxonomy":"post_tag","embeddable":true,"href":"https:\/\/sindicatos.cgtp.pt\/uniao-norte-alentejano\/wp-json\/wp\/v2\/tags?post=1274"}],"curies":[{"name":"wp","href":"https:\/\/api.w.org\/{rel}","templated":true}]}}