{"id":1287,"date":"2022-05-30T17:58:06","date_gmt":"2022-05-30T17:58:06","guid":{"rendered":"http:\/\/sindicatos.cgtp.pt\/uniao-norte-alentejano\/?p=1287"},"modified":"2022-05-30T18:00:09","modified_gmt":"2022-05-30T18:00:09","slug":"trabalhadores-da-amorim-florestal-em-luta-pela-valorizacao-dos-seus-salarios","status":"publish","type":"post","link":"https:\/\/sindicatos.cgtp.pt\/uniao-norte-alentejano\/2022\/05\/30\/trabalhadores-da-amorim-florestal-em-luta-pela-valorizacao-dos-seus-salarios\/","title":{"rendered":"Trabalhadores da Amorim Florestal em luta pela valoriza\u00e7\u00e3o dos seus sal\u00e1rios"},"content":{"rendered":"<p style=\"text-align: center\"><span style=\"color: #222222\"><span style=\"font-family: 'Times New Roman', serif\"><span style=\"font-size: medium\"><a href=\"https:\/\/sindicatos.cgtp.pt\/uniao-norte-alentejano\/wp-content\/blogs.dir\/56\/files\/sites\/56\/2022\/05\/entrada-amorim-1.jpg\"><img loading=\"lazy\" decoding=\"async\" class=\"alignleft size-medium wp-image-1288\" alt=\"entrada amorim (1)\" src=\"https:\/\/sindicatos.cgtp.pt\/uniao-norte-alentejano\/wp-content\/blogs.dir\/56\/files\/sites\/56\/2022\/05\/entrada-amorim-1-180x240.jpg\" width=\"180\" height=\"240\" srcset=\"https:\/\/sindicatos.cgtp.pt\/uniao-norte-alentejano\/wp-content\/blogs.dir\/56\/files\/sites\/56\/2022\/05\/entrada-amorim-1-180x240.jpg 180w, https:\/\/sindicatos.cgtp.pt\/uniao-norte-alentejano\/wp-content\/blogs.dir\/56\/files\/sites\/56\/2022\/05\/entrada-amorim-1-600x800.jpg 600w, https:\/\/sindicatos.cgtp.pt\/uniao-norte-alentejano\/wp-content\/blogs.dir\/56\/files\/sites\/56\/2022\/05\/entrada-amorim-1.jpg 1296w\" sizes=\"auto, (max-width: 180px) 100vw, 180px\" \/><\/a>Respondendo ao apelo da FEVICCOM &#8211; Federa\u00e7\u00e3o Portuguesa Sindicatos da Constru\u00e7\u00e3o, Cer\u00e2mica e Vidro para que os trabalhadores corticeiros fizessem ouvir a sua voz de descontentamento face \u00e0 insuficiente proposta negocial patronal para o aumento dos sal\u00e1rios, os trabalhadores da Amorim Florestal \u2013 Unidade de Ponte de S\u00f4r decidiram, em plen\u00e1rio geral, avan\u00e7ar para a greve no pr\u00f3ximo dia 1 de Junho, data que coincide com mais uma ronda negocial em Santa Maria de Lamas.<\/span><\/span><\/span><\/p>\n<p><span style=\"color: #222222\"><span style=\"font-family: 'Times New Roman', serif\"><span style=\"font-size: medium\">O Grupo Amorim, que teve um crescimento de 26% nas vendas nos primeiros tr\u00eas meses deste ano face ao mesmo per\u00edodo de 2021, tendo distribu\u00eddo dividendos no valor de mais de 26 milh\u00f5es de Euros entre os seus accionistas, sugeriu um aumento de 58 c\u00eantimos por dia aos trabalhadores.<\/span><\/span><\/span><\/p>\n<p><span style=\"color: #222222\"><span style=\"font-family: 'Times New Roman', serif\"><span style=\"font-size: medium\">Face a esta proposta irris\u00f3ria, tendo em conta n\u00e3o s\u00f3 os lucros declarados mas tamb\u00e9m a infla\u00e7\u00e3o que atingiu os 7,2% em Abril deste ano, os trabalhadores decidiram dar um sinal claro de que n\u00e3o v\u00e3o aceitar tost\u00f5es e exigem, com a greve desta quarta-feira:<\/span><\/span><\/span><\/p>\n<p><span style=\"color: #222222\">\u2022<\/span><span style=\"color: #222222\"><span style=\"font-family: 'Times New Roman', serif\"><span style=\"font-size: medium\">60 euros de aumento salarial<\/span><\/span><\/span><\/p>\n<p><span style=\"color: #222222\">\u2022<\/span><span style=\"color: #222222\"><span style=\"font-family: 'Times New Roman', serif\"><span style=\"font-size: medium\">7 euros de subs\u00eddio de refei\u00e7\u00e3o<\/span><\/span><\/span><\/p>\n<p><span style=\"color: #222222\">\u2022<\/span><span style=\"color: #222222\"><span style=\"font-family: 'Times New Roman', serif\"><span style=\"font-size: medium\">Diuturnidades para todos e n\u00e3o s\u00f3 para alguns.<\/span><\/span><\/span><\/p>\n","protected":false},"excerpt":{"rendered":"<p>Respondendo ao apelo da FEVICCOM &#8211; Federa\u00e7\u00e3o Portuguesa Sindicatos da Constru\u00e7\u00e3o, Cer\u00e2mica e Vidro para que os trabalhadores corticeiros fizessem ouvir a sua voz de descontentamento face \u00e0 insuficiente proposta negocial patronal para o aumento dos sal\u00e1rios, os trabalhadores da Amorim Florestal \u2013 Unidade de<\/p>\n","protected":false},"author":58,"featured_media":0,"comment_status":"closed","ping_status":"open","sticky":false,"template":"","format":"standard","meta":{"footnotes":""},"categories":[25,26,1],"tags":[],"class_list":["post-1287","post","type-post","status-publish","format-standard","hentry","category-actualidade-e-luta","category-distrito","category-noticias"],"_links":{"self":[{"href":"https:\/\/sindicatos.cgtp.pt\/uniao-norte-alentejano\/wp-json\/wp\/v2\/posts\/1287","targetHints":{"allow":["GET"]}}],"collection":[{"href":"https:\/\/sindicatos.cgtp.pt\/uniao-norte-alentejano\/wp-json\/wp\/v2\/posts"}],"about":[{"href":"https:\/\/sindicatos.cgtp.pt\/uniao-norte-alentejano\/wp-json\/wp\/v2\/types\/post"}],"author":[{"embeddable":true,"href":"https:\/\/sindicatos.cgtp.pt\/uniao-norte-alentejano\/wp-json\/wp\/v2\/users\/58"}],"replies":[{"embeddable":true,"href":"https:\/\/sindicatos.cgtp.pt\/uniao-norte-alentejano\/wp-json\/wp\/v2\/comments?post=1287"}],"version-history":[{"count":3,"href":"https:\/\/sindicatos.cgtp.pt\/uniao-norte-alentejano\/wp-json\/wp\/v2\/posts\/1287\/revisions"}],"predecessor-version":[{"id":1291,"href":"https:\/\/sindicatos.cgtp.pt\/uniao-norte-alentejano\/wp-json\/wp\/v2\/posts\/1287\/revisions\/1291"}],"wp:attachment":[{"href":"https:\/\/sindicatos.cgtp.pt\/uniao-norte-alentejano\/wp-json\/wp\/v2\/media?parent=1287"}],"wp:term":[{"taxonomy":"category","embeddable":true,"href":"https:\/\/sindicatos.cgtp.pt\/uniao-norte-alentejano\/wp-json\/wp\/v2\/categories?post=1287"},{"taxonomy":"post_tag","embeddable":true,"href":"https:\/\/sindicatos.cgtp.pt\/uniao-norte-alentejano\/wp-json\/wp\/v2\/tags?post=1287"}],"curies":[{"name":"wp","href":"https:\/\/api.w.org\/{rel}","templated":true}]}}