{"id":1331,"date":"2023-07-04T10:51:10","date_gmt":"2023-07-04T10:51:10","guid":{"rendered":"http:\/\/sindicatos.cgtp.pt\/uniao-norte-alentejano\/?p=1331"},"modified":"2023-07-04T10:51:10","modified_gmt":"2023-07-04T10:51:10","slug":"48-anos-ao-lado-dos-trabalhadores-do-norte-alentejano","status":"publish","type":"post","link":"https:\/\/sindicatos.cgtp.pt\/uniao-norte-alentejano\/2023\/07\/04\/48-anos-ao-lado-dos-trabalhadores-do-norte-alentejano\/","title":{"rendered":"48 anos ao lado dos trabalhadores do Norte Alentejano!"},"content":{"rendered":"<p>A Uni\u00e3o dos Sindicatos do Norte Alentejano est\u00e1 hoje de parab\u00e9ns!<\/p>\n<p>H\u00e1 48 anos atr\u00e1s, no dia 4 de Julho de 1975, era formalmente criada, em plen\u00e1rio de sindicatos, a Uni\u00e3o de Sindicatos do Distrito de Portalegre, actual Uni\u00e3o dos Sindicatos do Norte Alentejano (USNA\/CGTP-IN).<\/p>\n<p>Este anivers\u00e1rio \u00e9 assinalado numa fase particularmente intensa da luta dos trabalhadores em todo o pa\u00eds. No distrito de Portalegre tem sido vis\u00edvel a crescente disponibilidade dos trabalhadores para a luta, o que acompanha uma igualmente crescente consci\u00eancia da import\u00e2ncia da ac\u00e7\u00e3o organizada a partir dos sindicatos de classe da CGTP-IN.<\/p>\n<p><img loading=\"lazy\" decoding=\"async\" class=\"alignleft size-medium wp-image-1332\" alt=\"1-min\" src=\"https:\/\/sindicatos.cgtp.pt\/uniao-norte-alentejano\/wp-content\/blogs.dir\/56\/files\/sites\/56\/2023\/07\/1-min-240x180.jpg\" width=\"240\" height=\"180\" srcset=\"https:\/\/sindicatos.cgtp.pt\/uniao-norte-alentejano\/wp-content\/blogs.dir\/56\/files\/sites\/56\/2023\/07\/1-min-240x180.jpg 240w, https:\/\/sindicatos.cgtp.pt\/uniao-norte-alentejano\/wp-content\/blogs.dir\/56\/files\/sites\/56\/2023\/07\/1-min-800x600.jpg 800w, https:\/\/sindicatos.cgtp.pt\/uniao-norte-alentejano\/wp-content\/blogs.dir\/56\/files\/sites\/56\/2023\/07\/1-min-160x120.jpg 160w, https:\/\/sindicatos.cgtp.pt\/uniao-norte-alentejano\/wp-content\/blogs.dir\/56\/files\/sites\/56\/2023\/07\/1-min.jpg 1600w\" sizes=\"auto, (max-width: 240px) 100vw, 240px\" \/> <img loading=\"lazy\" decoding=\"async\" class=\"alignleft size-medium wp-image-1333\" alt=\"2-min\" src=\"https:\/\/sindicatos.cgtp.pt\/uniao-norte-alentejano\/wp-content\/blogs.dir\/56\/files\/sites\/56\/2023\/07\/2-min-240x180.jpg\" width=\"240\" height=\"180\" srcset=\"https:\/\/sindicatos.cgtp.pt\/uniao-norte-alentejano\/wp-content\/blogs.dir\/56\/files\/sites\/56\/2023\/07\/2-min-240x180.jpg 240w, https:\/\/sindicatos.cgtp.pt\/uniao-norte-alentejano\/wp-content\/blogs.dir\/56\/files\/sites\/56\/2023\/07\/2-min-800x600.jpg 800w, https:\/\/sindicatos.cgtp.pt\/uniao-norte-alentejano\/wp-content\/blogs.dir\/56\/files\/sites\/56\/2023\/07\/2-min-160x120.jpg 160w, https:\/\/sindicatos.cgtp.pt\/uniao-norte-alentejano\/wp-content\/blogs.dir\/56\/files\/sites\/56\/2023\/07\/2-min.jpg 2048w\" sizes=\"auto, (max-width: 240px) 100vw, 240px\" \/> <a href=\"https:\/\/sindicatos.cgtp.pt\/uniao-norte-alentejano\/wp-content\/blogs.dir\/56\/files\/sites\/56\/2023\/07\/3-min.jpg\"><img loading=\"lazy\" decoding=\"async\" class=\"alignleft size-medium wp-image-1334\" alt=\"3-min\" src=\"https:\/\/sindicatos.cgtp.pt\/uniao-norte-alentejano\/wp-content\/blogs.dir\/56\/files\/sites\/56\/2023\/07\/3-min-240x180.jpg\" width=\"240\" height=\"180\" srcset=\"https:\/\/sindicatos.cgtp.pt\/uniao-norte-alentejano\/wp-content\/blogs.dir\/56\/files\/sites\/56\/2023\/07\/3-min-240x180.jpg 240w, https:\/\/sindicatos.cgtp.pt\/uniao-norte-alentejano\/wp-content\/blogs.dir\/56\/files\/sites\/56\/2023\/07\/3-min-800x600.jpg 800w, https:\/\/sindicatos.cgtp.pt\/uniao-norte-alentejano\/wp-content\/blogs.dir\/56\/files\/sites\/56\/2023\/07\/3-min-160x120.jpg 160w, https:\/\/sindicatos.cgtp.pt\/uniao-norte-alentejano\/wp-content\/blogs.dir\/56\/files\/sites\/56\/2023\/07\/3-min.jpg 2048w\" sizes=\"auto, (max-width: 240px) 100vw, 240px\" \/><\/a> <a href=\"https:\/\/sindicatos.cgtp.pt\/uniao-norte-alentejano\/wp-content\/blogs.dir\/56\/files\/sites\/56\/2023\/07\/4-min.jpg\"><img loading=\"lazy\" decoding=\"async\" class=\"alignleft size-medium wp-image-1335\" alt=\"4-min\" src=\"https:\/\/sindicatos.cgtp.pt\/uniao-norte-alentejano\/wp-content\/blogs.dir\/56\/files\/sites\/56\/2023\/07\/4-min-240x180.jpg\" width=\"240\" height=\"180\" srcset=\"https:\/\/sindicatos.cgtp.pt\/uniao-norte-alentejano\/wp-content\/blogs.dir\/56\/files\/sites\/56\/2023\/07\/4-min-240x180.jpg 240w, https:\/\/sindicatos.cgtp.pt\/uniao-norte-alentejano\/wp-content\/blogs.dir\/56\/files\/sites\/56\/2023\/07\/4-min-800x600.jpg 800w, https:\/\/sindicatos.cgtp.pt\/uniao-norte-alentejano\/wp-content\/blogs.dir\/56\/files\/sites\/56\/2023\/07\/4-min-160x120.jpg 160w, https:\/\/sindicatos.cgtp.pt\/uniao-norte-alentejano\/wp-content\/blogs.dir\/56\/files\/sites\/56\/2023\/07\/4-min.jpg 1600w\" sizes=\"auto, (max-width: 240px) 100vw, 240px\" \/><\/a> <a href=\"https:\/\/sindicatos.cgtp.pt\/uniao-norte-alentejano\/wp-content\/blogs.dir\/56\/files\/sites\/56\/2023\/07\/5-min.jpg\"><img loading=\"lazy\" decoding=\"async\" class=\"alignleft size-medium wp-image-1336\" alt=\"5-min\" src=\"https:\/\/sindicatos.cgtp.pt\/uniao-norte-alentejano\/wp-content\/blogs.dir\/56\/files\/sites\/56\/2023\/07\/5-min-180x240.jpg\" width=\"180\" height=\"240\" srcset=\"https:\/\/sindicatos.cgtp.pt\/uniao-norte-alentejano\/wp-content\/blogs.dir\/56\/files\/sites\/56\/2023\/07\/5-min-180x240.jpg 180w, https:\/\/sindicatos.cgtp.pt\/uniao-norte-alentejano\/wp-content\/blogs.dir\/56\/files\/sites\/56\/2023\/07\/5-min-600x800.jpg 600w, https:\/\/sindicatos.cgtp.pt\/uniao-norte-alentejano\/wp-content\/blogs.dir\/56\/files\/sites\/56\/2023\/07\/5-min.jpg 1536w\" sizes=\"auto, (max-width: 180px) 100vw, 180px\" \/><\/a> <a href=\"https:\/\/sindicatos.cgtp.pt\/uniao-norte-alentejano\/wp-content\/blogs.dir\/56\/files\/sites\/56\/2023\/07\/6-min.jpg\"><img loading=\"lazy\" decoding=\"async\" class=\"alignleft size-medium wp-image-1337\" alt=\"6-min\" src=\"https:\/\/sindicatos.cgtp.pt\/uniao-norte-alentejano\/wp-content\/blogs.dir\/56\/files\/sites\/56\/2023\/07\/6-min-240x180.jpg\" width=\"240\" height=\"180\" srcset=\"https:\/\/sindicatos.cgtp.pt\/uniao-norte-alentejano\/wp-content\/blogs.dir\/56\/files\/sites\/56\/2023\/07\/6-min-240x180.jpg 240w, https:\/\/sindicatos.cgtp.pt\/uniao-norte-alentejano\/wp-content\/blogs.dir\/56\/files\/sites\/56\/2023\/07\/6-min-800x600.jpg 800w, https:\/\/sindicatos.cgtp.pt\/uniao-norte-alentejano\/wp-content\/blogs.dir\/56\/files\/sites\/56\/2023\/07\/6-min-160x120.jpg 160w, https:\/\/sindicatos.cgtp.pt\/uniao-norte-alentejano\/wp-content\/blogs.dir\/56\/files\/sites\/56\/2023\/07\/6-min.jpg 2048w\" sizes=\"auto, (max-width: 240px) 100vw, 240px\" \/><\/a> <a href=\"https:\/\/sindicatos.cgtp.pt\/uniao-norte-alentejano\/wp-content\/blogs.dir\/56\/files\/sites\/56\/2023\/07\/7-min.jpg\"><img loading=\"lazy\" decoding=\"async\" class=\"alignleft size-medium wp-image-1338\" alt=\"7-min\" src=\"https:\/\/sindicatos.cgtp.pt\/uniao-norte-alentejano\/wp-content\/blogs.dir\/56\/files\/sites\/56\/2023\/07\/7-min-240x180.jpg\" width=\"240\" height=\"180\" srcset=\"https:\/\/sindicatos.cgtp.pt\/uniao-norte-alentejano\/wp-content\/blogs.dir\/56\/files\/sites\/56\/2023\/07\/7-min-240x180.jpg 240w, https:\/\/sindicatos.cgtp.pt\/uniao-norte-alentejano\/wp-content\/blogs.dir\/56\/files\/sites\/56\/2023\/07\/7-min-800x600.jpg 800w, https:\/\/sindicatos.cgtp.pt\/uniao-norte-alentejano\/wp-content\/blogs.dir\/56\/files\/sites\/56\/2023\/07\/7-min-160x120.jpg 160w, https:\/\/sindicatos.cgtp.pt\/uniao-norte-alentejano\/wp-content\/blogs.dir\/56\/files\/sites\/56\/2023\/07\/7-min.jpg 2048w\" sizes=\"auto, (max-width: 240px) 100vw, 240px\" \/><\/a> <a href=\"https:\/\/sindicatos.cgtp.pt\/uniao-norte-alentejano\/wp-content\/blogs.dir\/56\/files\/sites\/56\/2023\/07\/9-min.jpg\"><img loading=\"lazy\" decoding=\"async\" class=\"alignleft size-medium wp-image-1339\" alt=\"9-min\" src=\"https:\/\/sindicatos.cgtp.pt\/uniao-norte-alentejano\/wp-content\/blogs.dir\/56\/files\/sites\/56\/2023\/07\/9-min-240x180.jpg\" width=\"240\" height=\"180\" srcset=\"https:\/\/sindicatos.cgtp.pt\/uniao-norte-alentejano\/wp-content\/blogs.dir\/56\/files\/sites\/56\/2023\/07\/9-min-240x180.jpg 240w, https:\/\/sindicatos.cgtp.pt\/uniao-norte-alentejano\/wp-content\/blogs.dir\/56\/files\/sites\/56\/2023\/07\/9-min-800x600.jpg 800w, https:\/\/sindicatos.cgtp.pt\/uniao-norte-alentejano\/wp-content\/blogs.dir\/56\/files\/sites\/56\/2023\/07\/9-min-160x120.jpg 160w, https:\/\/sindicatos.cgtp.pt\/uniao-norte-alentejano\/wp-content\/blogs.dir\/56\/files\/sites\/56\/2023\/07\/9-min.jpg 2000w\" sizes=\"auto, (max-width: 240px) 100vw, 240px\" \/><\/a> <a href=\"https:\/\/sindicatos.cgtp.pt\/uniao-norte-alentejano\/wp-content\/blogs.dir\/56\/files\/sites\/56\/2023\/07\/10-min.jpg\"><img loading=\"lazy\" decoding=\"async\" class=\"alignleft size-medium wp-image-1340\" alt=\"10-min\" src=\"https:\/\/sindicatos.cgtp.pt\/uniao-norte-alentejano\/wp-content\/blogs.dir\/56\/files\/sites\/56\/2023\/07\/10-min-240x180.jpg\" width=\"240\" height=\"180\" srcset=\"https:\/\/sindicatos.cgtp.pt\/uniao-norte-alentejano\/wp-content\/blogs.dir\/56\/files\/sites\/56\/2023\/07\/10-min-240x180.jpg 240w, https:\/\/sindicatos.cgtp.pt\/uniao-norte-alentejano\/wp-content\/blogs.dir\/56\/files\/sites\/56\/2023\/07\/10-min-800x600.jpg 800w, https:\/\/sindicatos.cgtp.pt\/uniao-norte-alentejano\/wp-content\/blogs.dir\/56\/files\/sites\/56\/2023\/07\/10-min-160x120.jpg 160w, https:\/\/sindicatos.cgtp.pt\/uniao-norte-alentejano\/wp-content\/blogs.dir\/56\/files\/sites\/56\/2023\/07\/10-min.jpg 2048w\" sizes=\"auto, (max-width: 240px) 100vw, 240px\" \/><\/a> <a href=\"https:\/\/sindicatos.cgtp.pt\/uniao-norte-alentejano\/wp-content\/blogs.dir\/56\/files\/sites\/56\/2023\/07\/concentracao-2-min.jpg\"><img loading=\"lazy\" decoding=\"async\" class=\"alignleft size-medium wp-image-1341\" alt=\"concentracao 2-min\" src=\"https:\/\/sindicatos.cgtp.pt\/uniao-norte-alentejano\/wp-content\/blogs.dir\/56\/files\/sites\/56\/2023\/07\/concentracao-2-min-240x180.jpg\" width=\"240\" height=\"180\" srcset=\"https:\/\/sindicatos.cgtp.pt\/uniao-norte-alentejano\/wp-content\/blogs.dir\/56\/files\/sites\/56\/2023\/07\/concentracao-2-min-240x180.jpg 240w, https:\/\/sindicatos.cgtp.pt\/uniao-norte-alentejano\/wp-content\/blogs.dir\/56\/files\/sites\/56\/2023\/07\/concentracao-2-min-160x120.jpg 160w, https:\/\/sindicatos.cgtp.pt\/uniao-norte-alentejano\/wp-content\/blogs.dir\/56\/files\/sites\/56\/2023\/07\/concentracao-2-min.jpg 600w\" sizes=\"auto, (max-width: 240px) 100vw, 240px\" \/><\/a><\/p>\n","protected":false},"excerpt":{"rendered":"<p>A Uni\u00e3o dos Sindicatos do Norte Alentejano est\u00e1 hoje de parab\u00e9ns! H\u00e1 48 anos atr\u00e1s, no dia 4 de Julho de 1975, era formalmente criada, em plen\u00e1rio de sindicatos, a Uni\u00e3o de Sindicatos do Distrito de Portalegre, actual Uni\u00e3o dos Sindicatos do Norte Alentejano (USNA\/CGTP-IN).<\/p>\n","protected":false},"author":58,"featured_media":0,"comment_status":"closed","ping_status":"open","sticky":false,"template":"","format":"standard","meta":{"footnotes":""},"categories":[13,12],"tags":[],"class_list":["post-1331","post","type-post","status-publish","format-standard","hentry","category-historia","category-usna-cgtp-in"],"_links":{"self":[{"href":"https:\/\/sindicatos.cgtp.pt\/uniao-norte-alentejano\/wp-json\/wp\/v2\/posts\/1331","targetHints":{"allow":["GET"]}}],"collection":[{"href":"https:\/\/sindicatos.cgtp.pt\/uniao-norte-alentejano\/wp-json\/wp\/v2\/posts"}],"about":[{"href":"https:\/\/sindicatos.cgtp.pt\/uniao-norte-alentejano\/wp-json\/wp\/v2\/types\/post"}],"author":[{"embeddable":true,"href":"https:\/\/sindicatos.cgtp.pt\/uniao-norte-alentejano\/wp-json\/wp\/v2\/users\/58"}],"replies":[{"embeddable":true,"href":"https:\/\/sindicatos.cgtp.pt\/uniao-norte-alentejano\/wp-json\/wp\/v2\/comments?post=1331"}],"version-history":[{"count":1,"href":"https:\/\/sindicatos.cgtp.pt\/uniao-norte-alentejano\/wp-json\/wp\/v2\/posts\/1331\/revisions"}],"predecessor-version":[{"id":1342,"href":"https:\/\/sindicatos.cgtp.pt\/uniao-norte-alentejano\/wp-json\/wp\/v2\/posts\/1331\/revisions\/1342"}],"wp:attachment":[{"href":"https:\/\/sindicatos.cgtp.pt\/uniao-norte-alentejano\/wp-json\/wp\/v2\/media?parent=1331"}],"wp:term":[{"taxonomy":"category","embeddable":true,"href":"https:\/\/sindicatos.cgtp.pt\/uniao-norte-alentejano\/wp-json\/wp\/v2\/categories?post=1331"},{"taxonomy":"post_tag","embeddable":true,"href":"https:\/\/sindicatos.cgtp.pt\/uniao-norte-alentejano\/wp-json\/wp\/v2\/tags?post=1331"}],"curies":[{"name":"wp","href":"https:\/\/api.w.org\/{rel}","templated":true}]}}