{"id":250,"date":"2017-01-13T14:39:04","date_gmt":"2017-01-13T14:39:04","guid":{"rendered":"http:\/\/sindicatos.cgtp.pt\/uniao-norte-alentejano\/?p=250"},"modified":"2017-01-13T14:41:55","modified_gmt":"2017-01-13T14:41:55","slug":"funcao-publica-prepara-a-greve-dos-trabalhadores-da-saude","status":"publish","type":"post","link":"https:\/\/sindicatos.cgtp.pt\/uniao-norte-alentejano\/2017\/01\/13\/funcao-publica-prepara-a-greve-dos-trabalhadores-da-saude\/","title":{"rendered":"FUN\u00c7\u00c3O P\u00daBLICA PREPARA A GREVE DOS TRABALHADORES DA SA\u00daDE"},"content":{"rendered":"<p><a href=\"https:\/\/sindicatos.cgtp.pt\/uniao-norte-alentejano\/wp-content\/blogs.dir\/56\/files\/sites\/56\/2017\/01\/IMG_20170113_102403.jpg\"><img loading=\"lazy\" decoding=\"async\" class=\"alignleft size-full wp-image-251\" style=\"width: 715px;height: 486px\" alt=\"IMG_20170113_102403\" src=\"https:\/\/sindicatos.cgtp.pt\/uniao-norte-alentejano\/wp-content\/blogs.dir\/56\/files\/sites\/56\/2017\/01\/IMG_20170113_102403.jpg\" width=\"3584\" height=\"2016\" srcset=\"https:\/\/sindicatos.cgtp.pt\/uniao-norte-alentejano\/wp-content\/blogs.dir\/56\/files\/sites\/56\/2017\/01\/IMG_20170113_102403.jpg 3584w, https:\/\/sindicatos.cgtp.pt\/uniao-norte-alentejano\/wp-content\/blogs.dir\/56\/files\/sites\/56\/2017\/01\/IMG_20170113_102403-240x135.jpg 240w, https:\/\/sindicatos.cgtp.pt\/uniao-norte-alentejano\/wp-content\/blogs.dir\/56\/files\/sites\/56\/2017\/01\/IMG_20170113_102403-800x450.jpg 800w\" sizes=\"auto, (max-width: 3584px) 100vw, 3584px\" \/><\/a>\u00a0O Sindicato dos Trabalhadores em Fun\u00e7\u00f5es P\u00fablicas e Sociais do Sul e Regi\u00f5es Aut\u00f3nomas (STFPSSRA) tem realizado in\u00fameras ac\u00e7\u00f5es,\u00a0entre plen\u00e1rios, contactos com os trabalhadores nos locais de trabalho e coloca\u00e7\u00e3o de faixas,\u00a0com o objectivo de preparar\u00a0a greve que vai abranger os trabalhadores com vinculo p\u00fablico do sector da sa\u00fade, no pr\u00f3ximo dia 20 de Janeiro, sexta-feira. Assistentes operacionais, assistentes t\u00e9cnicos, administrativos, t\u00e9cnicos superiores, trabalhadores indispens\u00e1veis para o funcionamento de hospitais e centros de sa\u00fade, estar\u00e3o em luta pelo descongelamento das suas carreiras, pelas 35 horas semanais para todos e por aumentos salariais.<\/p>\n","protected":false},"excerpt":{"rendered":"<p>\u00a0O Sindicato dos Trabalhadores em Fun\u00e7\u00f5es P\u00fablicas e Sociais do Sul e Regi\u00f5es Aut\u00f3nomas (STFPSSRA) tem realizado in\u00fameras ac\u00e7\u00f5es,\u00a0entre plen\u00e1rios, contactos com os trabalhadores nos locais de trabalho e coloca\u00e7\u00e3o de faixas,\u00a0com o objectivo de preparar\u00a0a greve que vai abranger os trabalhadores com vinculo p\u00fablico<\/p>\n","protected":false},"author":58,"featured_media":0,"comment_status":"closed","ping_status":"open","sticky":false,"template":"","format":"standard","meta":{"footnotes":""},"categories":[25,26,1],"tags":[],"class_list":["post-250","post","type-post","status-publish","format-standard","hentry","category-actualidade-e-luta","category-distrito","category-noticias"],"_links":{"self":[{"href":"https:\/\/sindicatos.cgtp.pt\/uniao-norte-alentejano\/wp-json\/wp\/v2\/posts\/250","targetHints":{"allow":["GET"]}}],"collection":[{"href":"https:\/\/sindicatos.cgtp.pt\/uniao-norte-alentejano\/wp-json\/wp\/v2\/posts"}],"about":[{"href":"https:\/\/sindicatos.cgtp.pt\/uniao-norte-alentejano\/wp-json\/wp\/v2\/types\/post"}],"author":[{"embeddable":true,"href":"https:\/\/sindicatos.cgtp.pt\/uniao-norte-alentejano\/wp-json\/wp\/v2\/users\/58"}],"replies":[{"embeddable":true,"href":"https:\/\/sindicatos.cgtp.pt\/uniao-norte-alentejano\/wp-json\/wp\/v2\/comments?post=250"}],"version-history":[{"count":7,"href":"https:\/\/sindicatos.cgtp.pt\/uniao-norte-alentejano\/wp-json\/wp\/v2\/posts\/250\/revisions"}],"predecessor-version":[{"id":259,"href":"https:\/\/sindicatos.cgtp.pt\/uniao-norte-alentejano\/wp-json\/wp\/v2\/posts\/250\/revisions\/259"}],"wp:attachment":[{"href":"https:\/\/sindicatos.cgtp.pt\/uniao-norte-alentejano\/wp-json\/wp\/v2\/media?parent=250"}],"wp:term":[{"taxonomy":"category","embeddable":true,"href":"https:\/\/sindicatos.cgtp.pt\/uniao-norte-alentejano\/wp-json\/wp\/v2\/categories?post=250"},{"taxonomy":"post_tag","embeddable":true,"href":"https:\/\/sindicatos.cgtp.pt\/uniao-norte-alentejano\/wp-json\/wp\/v2\/tags?post=250"}],"curies":[{"name":"wp","href":"https:\/\/api.w.org\/{rel}","templated":true}]}}