{"id":313,"date":"2017-02-03T16:17:21","date_gmt":"2017-02-03T16:17:21","guid":{"rendered":"http:\/\/sindicatos.cgtp.pt\/uniao-norte-alentejano\/?p=313"},"modified":"2017-02-03T16:21:33","modified_gmt":"2017-02-03T16:21:33","slug":"greve-dos-trabalhadores-nao-docentes-a-maior-dos-ultimos-anos","status":"publish","type":"post","link":"https:\/\/sindicatos.cgtp.pt\/uniao-norte-alentejano\/2017\/02\/03\/greve-dos-trabalhadores-nao-docentes-a-maior-dos-ultimos-anos\/","title":{"rendered":"14 ESCOLAS FECHADAS NO DISTRITO DE PORTALEGRE"},"content":{"rendered":"<p><a href=\"https:\/\/sindicatos.cgtp.pt\/uniao-norte-alentejano\/wp-content\/blogs.dir\/56\/files\/sites\/56\/2017\/02\/escola_jose_regio_03022017-min.jpg\"><img loading=\"lazy\" decoding=\"async\" class=\"size-full wp-image-315 aligncenter\" alt=\"escola_jose_regio_03022017-min\" src=\"https:\/\/sindicatos.cgtp.pt\/uniao-norte-alentejano\/wp-content\/blogs.dir\/56\/files\/sites\/56\/2017\/02\/escola_jose_regio_03022017-min.jpg\" width=\"769\" height=\"432\" srcset=\"https:\/\/sindicatos.cgtp.pt\/uniao-norte-alentejano\/wp-content\/blogs.dir\/56\/files\/sites\/56\/2017\/02\/escola_jose_regio_03022017-min.jpg 3584w, https:\/\/sindicatos.cgtp.pt\/uniao-norte-alentejano\/wp-content\/blogs.dir\/56\/files\/sites\/56\/2017\/02\/escola_jose_regio_03022017-min-240x135.jpg 240w, https:\/\/sindicatos.cgtp.pt\/uniao-norte-alentejano\/wp-content\/blogs.dir\/56\/files\/sites\/56\/2017\/02\/escola_jose_regio_03022017-min-800x450.jpg 800w\" sizes=\"auto, (max-width: 769px) 100vw, 769px\" \/><\/a> <a href=\"https:\/\/sindicatos.cgtp.pt\/uniao-norte-alentejano\/wp-content\/blogs.dir\/56\/files\/sites\/56\/2017\/02\/20170203_083403-min.jpg\"><img loading=\"lazy\" decoding=\"async\" class=\"size-full wp-image-316 aligncenter\" alt=\"20170203_083403-min\" src=\"https:\/\/sindicatos.cgtp.pt\/uniao-norte-alentejano\/wp-content\/blogs.dir\/56\/files\/sites\/56\/2017\/02\/20170203_083403-min.jpg\" width=\"767\" height=\"430\" srcset=\"https:\/\/sindicatos.cgtp.pt\/uniao-norte-alentejano\/wp-content\/blogs.dir\/56\/files\/sites\/56\/2017\/02\/20170203_083403-min.jpg 2048w, https:\/\/sindicatos.cgtp.pt\/uniao-norte-alentejano\/wp-content\/blogs.dir\/56\/files\/sites\/56\/2017\/02\/20170203_083403-min-240x135.jpg 240w, https:\/\/sindicatos.cgtp.pt\/uniao-norte-alentejano\/wp-content\/blogs.dir\/56\/files\/sites\/56\/2017\/02\/20170203_083403-min-800x450.jpg 800w\" sizes=\"auto, (max-width: 767px) 100vw, 767px\" \/><\/a><\/p>\n<p>Pelo menos <b>14 escolas n\u00e3o tiveram hoje actividades lectivas no distrito de Portalegre<\/b>, nos concelhos de <b>Alter-do-Ch\u00e3o, Avis, Castelo de Vide, Gavi\u00e3o, Portalegre, Elvas e Campo Maior<\/b>. Foram dezenas os trabalhadores, de v\u00e1rios servi\u00e7os de apoio \u00e0s actividades lectivas nas escolas, que aderiram \u00e0 greve convocada pelo Sindicato dos Trabalhadores em Fun\u00e7\u00f5es P\u00fablicas e Sociais do Estado (STFPSSRA) e \u00e0 qual tamb\u00e9m aderiu o Sindicato dos Trabalhadores da Administra\u00e7\u00e3o Local (STAL).<\/p>\n<p>V\u00e1rias escolas, como a Escola Secund\u00e1ria de S. Louren\u00e7o em Portalegre , abriram apesar de terem servi\u00e7os paralisados, como a cantina. Como tal, estima-se que por todas as escolas houve ades\u00e3o a esta greve.<\/p>\n<p>Os trabalhadores n\u00e3o docentes est\u00e3o em luta pela contrata\u00e7\u00e3o de mais pessoal para as escolas, pelo descongelamento das carreiras (alguns trabalhadores t\u00eam o seu sal\u00e1rio congelado h\u00e1 mais de 10 anos) e pela cria\u00e7\u00e3o de uma carreira especial. Apesar do muito que se tem afirmado sobre a precariedade que afecta os trabalhadores que exercem fun\u00e7\u00f5es permanentes e indespens\u00e1veis nas escolas, a verdade \u00e9 que, \u00e9 urgente e fundamental a contrata\u00e7\u00e3o efectiva desses trabalhadores e de muitos outros por todas as escolas do pa\u00eds.<\/p>\n<p>&nbsp;<\/p>\n","protected":false},"excerpt":{"rendered":"<p>Pelo menos 14 escolas n\u00e3o tiveram hoje actividades lectivas no distrito de Portalegre, nos concelhos de Alter-do-Ch\u00e3o, Avis, Castelo de Vide, Gavi\u00e3o, Portalegre, Elvas e Campo Maior. Foram dezenas os trabalhadores, de v\u00e1rios servi\u00e7os de apoio \u00e0s actividades lectivas nas escolas, que aderiram \u00e0 greve<\/p>\n","protected":false},"author":58,"featured_media":0,"comment_status":"closed","ping_status":"open","sticky":false,"template":"","format":"standard","meta":{"footnotes":""},"categories":[25,26,1],"tags":[],"class_list":["post-313","post","type-post","status-publish","format-standard","hentry","category-actualidade-e-luta","category-distrito","category-noticias"],"_links":{"self":[{"href":"https:\/\/sindicatos.cgtp.pt\/uniao-norte-alentejano\/wp-json\/wp\/v2\/posts\/313","targetHints":{"allow":["GET"]}}],"collection":[{"href":"https:\/\/sindicatos.cgtp.pt\/uniao-norte-alentejano\/wp-json\/wp\/v2\/posts"}],"about":[{"href":"https:\/\/sindicatos.cgtp.pt\/uniao-norte-alentejano\/wp-json\/wp\/v2\/types\/post"}],"author":[{"embeddable":true,"href":"https:\/\/sindicatos.cgtp.pt\/uniao-norte-alentejano\/wp-json\/wp\/v2\/users\/58"}],"replies":[{"embeddable":true,"href":"https:\/\/sindicatos.cgtp.pt\/uniao-norte-alentejano\/wp-json\/wp\/v2\/comments?post=313"}],"version-history":[{"count":4,"href":"https:\/\/sindicatos.cgtp.pt\/uniao-norte-alentejano\/wp-json\/wp\/v2\/posts\/313\/revisions"}],"predecessor-version":[{"id":319,"href":"https:\/\/sindicatos.cgtp.pt\/uniao-norte-alentejano\/wp-json\/wp\/v2\/posts\/313\/revisions\/319"}],"wp:attachment":[{"href":"https:\/\/sindicatos.cgtp.pt\/uniao-norte-alentejano\/wp-json\/wp\/v2\/media?parent=313"}],"wp:term":[{"taxonomy":"category","embeddable":true,"href":"https:\/\/sindicatos.cgtp.pt\/uniao-norte-alentejano\/wp-json\/wp\/v2\/categories?post=313"},{"taxonomy":"post_tag","embeddable":true,"href":"https:\/\/sindicatos.cgtp.pt\/uniao-norte-alentejano\/wp-json\/wp\/v2\/tags?post=313"}],"curies":[{"name":"wp","href":"https:\/\/api.w.org\/{rel}","templated":true}]}}