{"id":408,"date":"2017-03-23T20:46:57","date_gmt":"2017-03-23T20:46:57","guid":{"rendered":"http:\/\/sindicatos.cgtp.pt\/uniao-norte-alentejano\/?p=408"},"modified":"2017-03-23T20:47:21","modified_gmt":"2017-03-23T20:47:21","slug":"plenario-de-trabalhadores-na-pinto-e-bentes-ponte-de-sor","status":"publish","type":"post","link":"https:\/\/sindicatos.cgtp.pt\/uniao-norte-alentejano\/2017\/03\/23\/plenario-de-trabalhadores-na-pinto-e-bentes-ponte-de-sor\/","title":{"rendered":"PLEN\u00c1RIO DE TRABALHADORES NA PINTO E BENTES, PONTE DE SOR"},"content":{"rendered":"<p><a href=\"https:\/\/sindicatos.cgtp.pt\/uniao-norte-alentejano\/wp-content\/blogs.dir\/56\/files\/sites\/56\/2017\/03\/pintoebentes_22032017-min.jpg\"><img loading=\"lazy\" decoding=\"async\" class=\"size-full wp-image-409 aligncenter\" alt=\"pintoebentes_22032017-min\" src=\"https:\/\/sindicatos.cgtp.pt\/uniao-norte-alentejano\/wp-content\/blogs.dir\/56\/files\/sites\/56\/2017\/03\/pintoebentes_22032017-min.jpg\" width=\"492\" height=\"276\" srcset=\"https:\/\/sindicatos.cgtp.pt\/uniao-norte-alentejano\/wp-content\/blogs.dir\/56\/files\/sites\/56\/2017\/03\/pintoebentes_22032017-min.jpg 3584w, https:\/\/sindicatos.cgtp.pt\/uniao-norte-alentejano\/wp-content\/blogs.dir\/56\/files\/sites\/56\/2017\/03\/pintoebentes_22032017-min-240x135.jpg 240w, https:\/\/sindicatos.cgtp.pt\/uniao-norte-alentejano\/wp-content\/blogs.dir\/56\/files\/sites\/56\/2017\/03\/pintoebentes_22032017-min-800x450.jpg 800w\" sizes=\"auto, (max-width: 492px) 100vw, 492px\" \/><\/a><\/p>\n<p>Teve ontem lugar na empresa Pinto e Bentes, em Ponte de S\u00f4r, um plen\u00e1rio de trabalhadores com o Sindicato das Ind\u00fastrias El\u00e9ctricas do Sul e Ilhas (SIESI).<\/p>\n<p>Estes trabalhadores lidam h\u00e1 v\u00e1rios meses com atrasos sistem\u00e1ticos no pagamento dos seus vencimentos e \u00e0 data do plen\u00e1rio contavam apenas com parte do sal\u00e1rio de Fevereiro.<\/p>\n<p>Foi definido um prazo que o SIESI comunicar\u00e1 \u00e0 empresa, findo o qual, caso o restante vencimento de Fevereiro e a totalidade de Mar\u00e7o n\u00e3o sejam pagos, os trabalhadores avan\u00e7ar\u00e3o para as formas que considerarem mais adequadas.<\/p>\n","protected":false},"excerpt":{"rendered":"<p>Teve ontem lugar na empresa Pinto e Bentes, em Ponte de S\u00f4r, um plen\u00e1rio de trabalhadores com o Sindicato das Ind\u00fastrias El\u00e9ctricas do Sul e Ilhas (SIESI). Estes trabalhadores lidam h\u00e1 v\u00e1rios meses com atrasos sistem\u00e1ticos no pagamento dos seus vencimentos e \u00e0 data do<\/p>\n","protected":false},"author":58,"featured_media":0,"comment_status":"closed","ping_status":"open","sticky":false,"template":"","format":"standard","meta":{"footnotes":""},"categories":[25,26,1],"tags":[],"class_list":["post-408","post","type-post","status-publish","format-standard","hentry","category-actualidade-e-luta","category-distrito","category-noticias"],"_links":{"self":[{"href":"https:\/\/sindicatos.cgtp.pt\/uniao-norte-alentejano\/wp-json\/wp\/v2\/posts\/408","targetHints":{"allow":["GET"]}}],"collection":[{"href":"https:\/\/sindicatos.cgtp.pt\/uniao-norte-alentejano\/wp-json\/wp\/v2\/posts"}],"about":[{"href":"https:\/\/sindicatos.cgtp.pt\/uniao-norte-alentejano\/wp-json\/wp\/v2\/types\/post"}],"author":[{"embeddable":true,"href":"https:\/\/sindicatos.cgtp.pt\/uniao-norte-alentejano\/wp-json\/wp\/v2\/users\/58"}],"replies":[{"embeddable":true,"href":"https:\/\/sindicatos.cgtp.pt\/uniao-norte-alentejano\/wp-json\/wp\/v2\/comments?post=408"}],"version-history":[{"count":2,"href":"https:\/\/sindicatos.cgtp.pt\/uniao-norte-alentejano\/wp-json\/wp\/v2\/posts\/408\/revisions"}],"predecessor-version":[{"id":411,"href":"https:\/\/sindicatos.cgtp.pt\/uniao-norte-alentejano\/wp-json\/wp\/v2\/posts\/408\/revisions\/411"}],"wp:attachment":[{"href":"https:\/\/sindicatos.cgtp.pt\/uniao-norte-alentejano\/wp-json\/wp\/v2\/media?parent=408"}],"wp:term":[{"taxonomy":"category","embeddable":true,"href":"https:\/\/sindicatos.cgtp.pt\/uniao-norte-alentejano\/wp-json\/wp\/v2\/categories?post=408"},{"taxonomy":"post_tag","embeddable":true,"href":"https:\/\/sindicatos.cgtp.pt\/uniao-norte-alentejano\/wp-json\/wp\/v2\/tags?post=408"}],"curies":[{"name":"wp","href":"https:\/\/api.w.org\/{rel}","templated":true}]}}