{"id":629,"date":"2018-03-20T16:47:30","date_gmt":"2018-03-20T16:47:30","guid":{"rendered":"http:\/\/sindicatos.cgtp.pt\/uniao-norte-alentejano\/?p=629"},"modified":"2018-03-20T16:48:41","modified_gmt":"2018-03-20T16:48:41","slug":"greve-e-protesto-das-trabalhadoras-das-cantinas-dos-hospitais","status":"publish","type":"post","link":"https:\/\/sindicatos.cgtp.pt\/uniao-norte-alentejano\/2018\/03\/20\/greve-e-protesto-das-trabalhadoras-das-cantinas-dos-hospitais\/","title":{"rendered":"Greve e protesto das trabalhadoras das cantinas dos Hospitais"},"content":{"rendered":"<p><a href=\"https:\/\/sindicatos.cgtp.pt\/uniao-norte-alentejano\/wp-content\/blogs.dir\/56\/files\/sites\/56\/2018\/03\/IMG-20180320-WA0003-min.jpg\"><img loading=\"lazy\" decoding=\"async\" class=\"alignleft  wp-image-630\" alt=\"IMG-20180320-WA0003-min\" src=\"https:\/\/sindicatos.cgtp.pt\/uniao-norte-alentejano\/wp-content\/blogs.dir\/56\/files\/sites\/56\/2018\/03\/IMG-20180320-WA0003-min.jpg\" width=\"768\" height=\"576\" srcset=\"https:\/\/sindicatos.cgtp.pt\/uniao-norte-alentejano\/wp-content\/blogs.dir\/56\/files\/sites\/56\/2018\/03\/IMG-20180320-WA0003-min.jpg 1600w, https:\/\/sindicatos.cgtp.pt\/uniao-norte-alentejano\/wp-content\/blogs.dir\/56\/files\/sites\/56\/2018\/03\/IMG-20180320-WA0003-min-240x180.jpg 240w, https:\/\/sindicatos.cgtp.pt\/uniao-norte-alentejano\/wp-content\/blogs.dir\/56\/files\/sites\/56\/2018\/03\/IMG-20180320-WA0003-min-800x600.jpg 800w, https:\/\/sindicatos.cgtp.pt\/uniao-norte-alentejano\/wp-content\/blogs.dir\/56\/files\/sites\/56\/2018\/03\/IMG-20180320-WA0003-min-160x120.jpg 160w\" sizes=\"auto, (max-width: 768px) 100vw, 768px\" \/><\/a>As trabalhadoras das cantinas dos Hospitais de Portalegre e Elvas aderiram \u00e0 greve nacional dos trabalhadores das cantinas convocada pelo Sindicato dos Trabalhadores da Ind\u00fastria da Hotelaria, Turismo, Restaura\u00e7\u00e3o e Similares do Sul para o dia de ontem, 19 de Mar\u00e7o e concentraram-se frente ao Hospital de Portalegre.<\/p>\n<p>O objectivo desta concentra\u00e7\u00e3o foi refor\u00e7ar o protesto nacional dos trabalhadores do sector em luta pelo direito \u00e0 negocia\u00e7\u00e3o colectiva e responsabilizar a Unidade Local de Sa\u00fade do Norte Alentejano &#8211; ULSNA, pela degrada\u00e7\u00e3o das condi\u00e7\u00f5es de trabalho nas cantinas dos 2 hospitais do distrito, concessionadas por enquanto \u00e0 Uniself, onde as m\u00e1quinas de lavagem e esteriliza\u00e7\u00e3o dos utens\u00edlios avariam e n\u00e3o s\u00e3o reparadas nem substitu\u00eddas, onde durante semanas as trabalhadoras tiveram de se vestir com a luz do telem\u00f3vel porque n\u00e3o havia luz na casa de banho e onde faltam trabalhadores e o ritmo de trabalho aumenta de dia para dia. As trabalhadoras denunciam que, ou a ULSNA se responsabiliza pelo que est\u00e1 a acontecer, impondo cadernos de encargos mais exigentes \u00e0s empresas a quem concessiona estes servi\u00e7os ou gerindo ela pr\u00f3pria as cantinas, ou os utentes e trabalhadores dos hospitais sofrer\u00e3o as consequ\u00eancias de um servi\u00e7o p\u00fablico que tende a piorar.<\/p>\n","protected":false},"excerpt":{"rendered":"<p>As trabalhadoras das cantinas dos Hospitais de Portalegre e Elvas aderiram \u00e0 greve nacional dos trabalhadores das cantinas convocada pelo Sindicato dos Trabalhadores da Ind\u00fastria da Hotelaria, Turismo, Restaura\u00e7\u00e3o e Similares do Sul para o dia de ontem, 19 de Mar\u00e7o e concentraram-se frente ao<\/p>\n","protected":false},"author":58,"featured_media":0,"comment_status":"closed","ping_status":"open","sticky":false,"template":"","format":"standard","meta":{"footnotes":""},"categories":[25,26,1],"tags":[],"class_list":["post-629","post","type-post","status-publish","format-standard","hentry","category-actualidade-e-luta","category-distrito","category-noticias"],"_links":{"self":[{"href":"https:\/\/sindicatos.cgtp.pt\/uniao-norte-alentejano\/wp-json\/wp\/v2\/posts\/629","targetHints":{"allow":["GET"]}}],"collection":[{"href":"https:\/\/sindicatos.cgtp.pt\/uniao-norte-alentejano\/wp-json\/wp\/v2\/posts"}],"about":[{"href":"https:\/\/sindicatos.cgtp.pt\/uniao-norte-alentejano\/wp-json\/wp\/v2\/types\/post"}],"author":[{"embeddable":true,"href":"https:\/\/sindicatos.cgtp.pt\/uniao-norte-alentejano\/wp-json\/wp\/v2\/users\/58"}],"replies":[{"embeddable":true,"href":"https:\/\/sindicatos.cgtp.pt\/uniao-norte-alentejano\/wp-json\/wp\/v2\/comments?post=629"}],"version-history":[{"count":2,"href":"https:\/\/sindicatos.cgtp.pt\/uniao-norte-alentejano\/wp-json\/wp\/v2\/posts\/629\/revisions"}],"predecessor-version":[{"id":632,"href":"https:\/\/sindicatos.cgtp.pt\/uniao-norte-alentejano\/wp-json\/wp\/v2\/posts\/629\/revisions\/632"}],"wp:attachment":[{"href":"https:\/\/sindicatos.cgtp.pt\/uniao-norte-alentejano\/wp-json\/wp\/v2\/media?parent=629"}],"wp:term":[{"taxonomy":"category","embeddable":true,"href":"https:\/\/sindicatos.cgtp.pt\/uniao-norte-alentejano\/wp-json\/wp\/v2\/categories?post=629"},{"taxonomy":"post_tag","embeddable":true,"href":"https:\/\/sindicatos.cgtp.pt\/uniao-norte-alentejano\/wp-json\/wp\/v2\/tags?post=629"}],"curies":[{"name":"wp","href":"https:\/\/api.w.org\/{rel}","templated":true}]}}