{"id":664,"date":"2018-04-19T15:35:49","date_gmt":"2018-04-19T15:35:49","guid":{"rendered":"http:\/\/sindicatos.cgtp.pt\/uniao-norte-alentejano\/?p=664"},"modified":"2018-04-19T15:35:49","modified_gmt":"2018-04-19T15:35:49","slug":"mobilizacao-para-o-1o-de-maio-em-portalegre","status":"publish","type":"post","link":"https:\/\/sindicatos.cgtp.pt\/uniao-norte-alentejano\/2018\/04\/19\/mobilizacao-para-o-1o-de-maio-em-portalegre\/","title":{"rendered":"Mobiliza\u00e7\u00e3o para o 1\u00ba de Maio em Portalegre"},"content":{"rendered":"<p><a href=\"https:\/\/sindicatos.cgtp.pt\/uniao-norte-alentejano\/wp-content\/blogs.dir\/56\/files\/sites\/56\/2018\/04\/cartaz-min.jpg\"><img loading=\"lazy\" decoding=\"async\" class=\"alignleft  wp-image-667\" alt=\"cartaz-min\" src=\"https:\/\/sindicatos.cgtp.pt\/uniao-norte-alentejano\/wp-content\/blogs.dir\/56\/files\/sites\/56\/2018\/04\/cartaz-min.jpg\" width=\"361\" height=\"511\" srcset=\"https:\/\/sindicatos.cgtp.pt\/uniao-norte-alentejano\/wp-content\/blogs.dir\/56\/files\/sites\/56\/2018\/04\/cartaz-min.jpg 1240w, https:\/\/sindicatos.cgtp.pt\/uniao-norte-alentejano\/wp-content\/blogs.dir\/56\/files\/sites\/56\/2018\/04\/cartaz-min-169x240.jpg 169w, https:\/\/sindicatos.cgtp.pt\/uniao-norte-alentejano\/wp-content\/blogs.dir\/56\/files\/sites\/56\/2018\/04\/cartaz-min-565x800.jpg 565w\" sizes=\"auto, (max-width: 361px) 100vw, 361px\" \/><\/a> <a href=\"https:\/\/sindicatos.cgtp.pt\/uniao-norte-alentejano\/wp-content\/blogs.dir\/56\/files\/sites\/56\/2018\/04\/hutchinson-c-maior-16042018-min.jpg\"><img loading=\"lazy\" decoding=\"async\" class=\"alignleft  wp-image-668\" alt=\"hutchinson c maior 16042018-min\" src=\"https:\/\/sindicatos.cgtp.pt\/uniao-norte-alentejano\/wp-content\/blogs.dir\/56\/files\/sites\/56\/2018\/04\/hutchinson-c-maior-16042018-min.jpg\" width=\"797\" height=\"447\" srcset=\"https:\/\/sindicatos.cgtp.pt\/uniao-norte-alentejano\/wp-content\/blogs.dir\/56\/files\/sites\/56\/2018\/04\/hutchinson-c-maior-16042018-min.jpg 4096w, https:\/\/sindicatos.cgtp.pt\/uniao-norte-alentejano\/wp-content\/blogs.dir\/56\/files\/sites\/56\/2018\/04\/hutchinson-c-maior-16042018-min-240x135.jpg 240w, https:\/\/sindicatos.cgtp.pt\/uniao-norte-alentejano\/wp-content\/blogs.dir\/56\/files\/sites\/56\/2018\/04\/hutchinson-c-maior-16042018-min-800x450.jpg 800w\" sizes=\"auto, (max-width: 797px) 100vw, 797px\" \/><\/a>Passados 132 anos sobre os massacres de Chicago que estiveram na origem da marca\u00e7\u00e3o do 1\u00ba de Maio como o Dia Internacional do Trabalhador, os trabalhadores de todo o mundo continuam a lutar contra a explora\u00e7\u00e3o e por melhores condi\u00e7\u00f5es de vida e de trabalho.<\/p>\n<p>Muito foi alcan\u00e7ado mas quem trabalha n\u00e3o desarma! \u00c9 por isso que mais uma vez este ano, conscientes de que nunca nada nos foi dado e que tudo o que reivindicamos ter\u00e1 de ser conquistado, os trabalhadores sair\u00e3o \u00e0 rua no 1\u00ba de Maio.<\/p>\n<p>A CGTP-IN organiza dezenas de ac\u00e7\u00f5es em todo o pa\u00eds. Estas iniciativas dar\u00e3o visibilidade a centenas de lutas que os trabalhadores nos mais diversos sectores e locais de trabalho t\u00eam desenvolvido nos \u00faltimos meses, numa ac\u00e7\u00e3o reivindicativa crescente que ter\u00e1 o seu auge no 1\u00ba de Maio.<\/p>\n<p>No distrito de Portalegre a USNA\/CGTP-IN apela \u00e0 unidade e participa\u00e7\u00e3o de todos no desfile que ter\u00e1 inicio \u00e0s 10h30, na Av. Mov. das For\u00e7as Armadas, frente ao Centro Comercial Fontedeira em Portalegre, e seguir\u00e1 pela Avenida da Liberdade at\u00e9 ao Rossio, com a participa\u00e7\u00e3o dos Bombal\u00e9m.<\/p>\n<p>A USNA\/CGTP-IN organiza ainda transporte a partir de Avis, Fonteira e Monforte a todos os que queiram participar.<\/p>\n<p>At\u00e9 l\u00e1 o movimento sindical unit\u00e1rio estar\u00e1 nos locais de trabalho, dinamizando ac\u00e7\u00f5es de luta concretas como a greve dos trabalhadores do Grupo \u00c1guas de Portugal, no pr\u00f3ximo dia 24, e divulgando as raz\u00f5es que unir\u00e3o todos os trabalhadores na rua no 1\u00ba de Maio: aumento geral dos sal\u00e1rios, o combate \u00e0 precariedade e \u00e0 desregula\u00e7\u00e3o dos hor\u00e1rios de trabalho, o direito \u00e0 contrata\u00e7\u00e3o colectiva pelo fim da sua caducidade.<\/p>\n","protected":false},"excerpt":{"rendered":"<p>Passados 132 anos sobre os massacres de Chicago que estiveram na origem da marca\u00e7\u00e3o do 1\u00ba de Maio como o Dia Internacional do Trabalhador, os trabalhadores de todo o mundo continuam a lutar contra a explora\u00e7\u00e3o e por melhores condi\u00e7\u00f5es de vida e de trabalho.<\/p>\n","protected":false},"author":58,"featured_media":0,"comment_status":"closed","ping_status":"open","sticky":false,"template":"","format":"standard","meta":{"footnotes":""},"categories":[25,26],"tags":[],"class_list":["post-664","post","type-post","status-publish","format-standard","hentry","category-actualidade-e-luta","category-distrito"],"_links":{"self":[{"href":"https:\/\/sindicatos.cgtp.pt\/uniao-norte-alentejano\/wp-json\/wp\/v2\/posts\/664","targetHints":{"allow":["GET"]}}],"collection":[{"href":"https:\/\/sindicatos.cgtp.pt\/uniao-norte-alentejano\/wp-json\/wp\/v2\/posts"}],"about":[{"href":"https:\/\/sindicatos.cgtp.pt\/uniao-norte-alentejano\/wp-json\/wp\/v2\/types\/post"}],"author":[{"embeddable":true,"href":"https:\/\/sindicatos.cgtp.pt\/uniao-norte-alentejano\/wp-json\/wp\/v2\/users\/58"}],"replies":[{"embeddable":true,"href":"https:\/\/sindicatos.cgtp.pt\/uniao-norte-alentejano\/wp-json\/wp\/v2\/comments?post=664"}],"version-history":[{"count":5,"href":"https:\/\/sindicatos.cgtp.pt\/uniao-norte-alentejano\/wp-json\/wp\/v2\/posts\/664\/revisions"}],"predecessor-version":[{"id":672,"href":"https:\/\/sindicatos.cgtp.pt\/uniao-norte-alentejano\/wp-json\/wp\/v2\/posts\/664\/revisions\/672"}],"wp:attachment":[{"href":"https:\/\/sindicatos.cgtp.pt\/uniao-norte-alentejano\/wp-json\/wp\/v2\/media?parent=664"}],"wp:term":[{"taxonomy":"category","embeddable":true,"href":"https:\/\/sindicatos.cgtp.pt\/uniao-norte-alentejano\/wp-json\/wp\/v2\/categories?post=664"},{"taxonomy":"post_tag","embeddable":true,"href":"https:\/\/sindicatos.cgtp.pt\/uniao-norte-alentejano\/wp-json\/wp\/v2\/tags?post=664"}],"curies":[{"name":"wp","href":"https:\/\/api.w.org\/{rel}","templated":true}]}}